{"id":95839,"date":"2025-11-11T06:17:52","date_gmt":"2025-11-11T12:17:52","guid":{"rendered":"https:\/\/elinformante.mx\/?p=95839"},"modified":"2025-11-11T06:18:07","modified_gmt":"2025-11-11T12:18:07","slug":"gem-llama-a-reforzar-los-cuidados-ante-la-temporada-de-frio","status":"publish","type":"post","link":"https:\/\/elinformante.mx\/?p=95839","title":{"rendered":"GEM llama a reforzar los cuidados ante la temporada de fr\u00edo"},"content":{"rendered":"\n<figure class=\"wp-block-pullquote\"><blockquote><p>La Secretar\u00eda de Salud se\u00f1ala que las infecciones respiratorias agudas se incrementan arriba de 15% en ni\u00f1os y 30% en adultos mayores con males cr\u00f3nicos.<\/p><\/blockquote><\/figure>\n\n\n\n<p class=\"has-drop-cap\">Ante el inicio de la temporada de fr\u00edo, que abarca de octubre a marzo, y por instrucci\u00f3n de la Gobernadora Delfina G\u00f3mez \u00c1lvarez de reforzar medidas para el bienestar de la poblaci\u00f3n, la Secretar\u00eda de Salud del Estado de M\u00e9xico exhorta a la poblaci\u00f3n a adoptar medidas preventivas b\u00e1sicas para evitar infecciones respiratorias agudas (IRA\u00b4s), con especial \u00e9nfasis en adultos mayores, menores de cinco a\u00f1os y personas con enfermedades cr\u00f3nicas, as\u00ed como quemaduras por pirotecnia o intoxicaci\u00f3n por mon\u00f3xido de carbono.<br><\/p>\n\n\n\n<p>En el primer caso, la incidencia de afecciones de las v\u00edas respiratorias en este per\u00edodo, se incrementan arriba de 15 por ciento en ni\u00f1os y de hasta 30 por ciento en adultos mayores con enfermedades cr\u00f3nicas; mientras que los accidentes provocados por fuegos artificiales o el uso de anafres, fogones, calentadores o chimeneas aumentan entre 8 y 9 por ciento.<br><\/p>\n\n\n\n<p>Por ello, la dependencia sugiere abrigarse bien, evitar cambios bruscos de temperatura, consumir alimentos de temporada que son ricos en vitamina C y mantenerse bien hidratado.<br><\/p>\n\n\n\n<p>En caso de presentar alg\u00fan malestar se debe acudir al centro de salud m\u00e1s cercano para recibir atenci\u00f3n m\u00e9dica y, fundamentalmente, evitar la automedicaci\u00f3n, adem\u00e1s es necesario adoptar el estornudo de etiqueta \u2014tapar la nariz y boca con el antebrazo o un pa\u00f1uelo desechable\u2014, no escupir, no tocarse la cara y lavarse las manos con frecuencia.<br><\/p>\n\n\n\n<p>La Secretar\u00eda de Salud mexiquense, destaca que, para prevenir intoxicaciones por mon\u00f3xido de carbono, quemaduras o incendios, es importante tomar en cuenta que, al utilizar calentadores, braseros, fogones o chimeneas en los hogares, se debe mantener una ventilaci\u00f3n adecuada y no dejarlos encendidos durante la noche.<br><\/p>\n\n\n\n<p>De igual manera, al incrementarse la venta de pirotecnia en esta temporada, se recomienda que un adulto supervise el uso, adem\u00e1s de no guardar estos art\u00edculos en las bolsas del pantal\u00f3n, chamarras o abrigos.<\/p>\n","protected":false},"excerpt":{"rendered":"<p>La Secretar\u00eda de Salud se\u00f1ala que las infecciones respiratorias agudas se incrementan arriba de 15% en ni\u00f1os y 30% en adultos mayores con males cr\u00f3nicos. Ante el inicio de la temporada de fr\u00edo, que abarca de octubre a marzo, y por instrucci\u00f3n de la Gobernadora Delfina G\u00f3mez \u00c1lvarez de reforzar medidas para el bienestar de [&hellip;]<\/p>\n","protected":false},"author":1,"featured_media":95842,"comment_status":"closed","ping_status":"closed","sticky":false,"template":"","format":"standard","meta":{"footnotes":""},"categories":[36],"tags":[],"class_list":["post-95839","post","type-post","status-publish","format-standard","has-post-thumbnail","hentry","category-edomex"],"_links":{"self":[{"href":"https:\/\/elinformante.mx\/index.php?rest_route=\/wp\/v2\/posts\/95839","targetHints":{"allow":["GET"]}}],"collection":[{"href":"https:\/\/elinformante.mx\/index.php?rest_route=\/wp\/v2\/posts"}],"about":[{"href":"https:\/\/elinformante.mx\/index.php?rest_route=\/wp\/v2\/types\/post"}],"author":[{"embeddable":true,"href":"https:\/\/elinformante.mx\/index.php?rest_route=\/wp\/v2\/users\/1"}],"replies":[{"embeddable":true,"href":"https:\/\/elinformante.mx\/index.php?rest_route=%2Fwp%2Fv2%2Fcomments&post=95839"}],"version-history":[{"count":0,"href":"https:\/\/elinformante.mx\/index.php?rest_route=\/wp\/v2\/posts\/95839\/revisions"}],"wp:featuredmedia":[{"embeddable":true,"href":"https:\/\/elinformante.mx\/index.php?rest_route=\/wp\/v2\/media\/95842"}],"wp:attachment":[{"href":"https:\/\/elinformante.mx\/index.php?rest_route=%2Fwp%2Fv2%2Fmedia&parent=95839"}],"wp:term":[{"taxonomy":"category","embeddable":true,"href":"https:\/\/elinformante.mx\/index.php?rest_route=%2Fwp%2Fv2%2Fcategories&post=95839"},{"taxonomy":"post_tag","embeddable":true,"href":"https:\/\/elinformante.mx\/index.php?rest_route=%2Fwp%2Fv2%2Ftags&post=95839"}],"curies":[{"name":"wp","href":"https:\/\/api.w.org\/{rel}","templated":true}]}}