{"id":95847,"date":"2025-11-11T06:24:51","date_gmt":"2025-11-11T12:24:51","guid":{"rendered":"https:\/\/elinformante.mx\/?p=95847"},"modified":"2025-11-11T06:24:55","modified_gmt":"2025-11-11T12:24:55","slug":"critica-enrique-vargas-recorte-presupuestal-en-seguridad-para-2026","status":"publish","type":"post","link":"https:\/\/elinformante.mx\/?p=95847","title":{"rendered":"Critica Enrique Vargas recorte presupuestal en seguridad para 2026"},"content":{"rendered":"\n<figure class=\"wp-block-pullquote\"><blockquote><p>Mencion\u00f3 que las instituciones de seguridad tendr\u00e1n menos recursos para combatir la inseguridad.<\/p><\/blockquote><\/figure>\n\n\n\n<p class=\"has-drop-cap\">El Senador Enrique Vargas del Villar se\u00f1al\u00f3 durante un encuentro con universitarios que el pr\u00f3ximo a\u00f1o la Fiscal\u00eda General de la Rep\u00fablica y la Secretar\u00eda de Seguridad P\u00fablica tendr\u00e1n menos recursos para combatir la inseguridad.<br><\/p>\n\n\n\n<figure class=\"wp-block-image size-large\"><img fetchpriority=\"high\" decoding=\"async\" width=\"1024\" height=\"506\" src=\"https:\/\/elinformante.mx\/wp-content\/uploads\/2025\/11\/8enrique-3-1024x506.jpg\" alt=\"\" class=\"wp-image-95849\" srcset=\"https:\/\/elinformante.mx\/wp-content\/uploads\/2025\/11\/8enrique-3-1024x506.jpg 1024w, https:\/\/elinformante.mx\/wp-content\/uploads\/2025\/11\/8enrique-3-300x148.jpg 300w, https:\/\/elinformante.mx\/wp-content\/uploads\/2025\/11\/8enrique-3-768x379.jpg 768w, https:\/\/elinformante.mx\/wp-content\/uploads\/2025\/11\/8enrique-3.jpg 1140w\" sizes=\"(max-width: 1024px) 100vw, 1024px\" \/><\/figure>\n\n\n\n<p>Vargas del Villar, sostuvo frente a los alumnos del programa de liderazgo (GENERA) de la licenciatura en administraci\u00f3n p\u00fablica y gobierno de la Universidad An\u00e1huac Campus Norte, que lamentaba que el gobierno federal lejos de incrementar los recursos para seguridad en el pa\u00eds los haya disminuido a pesar de venir de un sexenio fallido que dej\u00f3 200 mil muertos y 50 mil desaparecidos.<br><\/p>\n\n\n\n<p>Mencion\u00f3 que las y los Diputados de Morena y sus aliados aprobaron el presupuesto de egresos de la federaci\u00f3n para el 2026; en el cual, tanto la Fiscal\u00eda General de la Rep\u00fablica, la Secretar\u00eda de Seguridad P\u00fablica y los Estados y Municipios tendr\u00e1n menos dinero para combatir la inseguridad debido a la falta de voluntad del gobierno de la Rep\u00fablica.<br><\/p>\n\n\n\n<figure class=\"wp-block-image size-large\"><img decoding=\"async\" width=\"1024\" height=\"506\" src=\"https:\/\/elinformante.mx\/wp-content\/uploads\/2025\/11\/8enrique-2-1024x506.jpg\" alt=\"\" class=\"wp-image-95850\" srcset=\"https:\/\/elinformante.mx\/wp-content\/uploads\/2025\/11\/8enrique-2-1024x506.jpg 1024w, https:\/\/elinformante.mx\/wp-content\/uploads\/2025\/11\/8enrique-2-300x148.jpg 300w, https:\/\/elinformante.mx\/wp-content\/uploads\/2025\/11\/8enrique-2-768x379.jpg 768w, https:\/\/elinformante.mx\/wp-content\/uploads\/2025\/11\/8enrique-2.jpg 1140w\" sizes=\"(max-width: 1024px) 100vw, 1024px\" \/><\/figure>\n\n\n\n<p>\u201cTal pareciera que no les interesa mejorar la seguridad en el pa\u00eds, que es la principal demanda de la ciudadan\u00eda\u201d, abund\u00f3 Vargas del Villar.<br><\/p>\n\n\n\n<p>Afirm\u00f3 que por esa raz\u00f3n, Morena ya no podr\u00e1 sostener su narrativa de que les importa combatir la criminalidad; al contrario, a la ciudadan\u00eda le va a quedar claro que los delitos no se combaten por falta de recursos que le quitaron al presupuesto.<br><\/p>\n\n\n\n<figure class=\"wp-block-image size-large\"><img decoding=\"async\" width=\"1024\" height=\"506\" src=\"https:\/\/elinformante.mx\/wp-content\/uploads\/2025\/11\/8enrique-4-1024x506.jpg\" alt=\"\" class=\"wp-image-95851\" srcset=\"https:\/\/elinformante.mx\/wp-content\/uploads\/2025\/11\/8enrique-4-1024x506.jpg 1024w, https:\/\/elinformante.mx\/wp-content\/uploads\/2025\/11\/8enrique-4-300x148.jpg 300w, https:\/\/elinformante.mx\/wp-content\/uploads\/2025\/11\/8enrique-4-768x379.jpg 768w, https:\/\/elinformante.mx\/wp-content\/uploads\/2025\/11\/8enrique-4.jpg 1140w\" sizes=\"(max-width: 1024px) 100vw, 1024px\" \/><\/figure>\n\n\n\n<p>\u201cEste pa\u00eds, no va a cambiar en materia de seguridad mientras no haya voluntad pol\u00edtica\u201d, puntualiz\u00f3.<br><\/p>\n\n\n\n<p>Vargas del Villar habl\u00f3 de la necesidad de que los j\u00f3venes se preparen para enfrentar este mundo globalizado; se fijen metas alcanzables y sean un factor importante de cambio para el bien de M\u00e9xico.<\/p>\n","protected":false},"excerpt":{"rendered":"<p>Mencion\u00f3 que las instituciones de seguridad tendr\u00e1n menos recursos para combatir la inseguridad. El Senador Enrique Vargas del Villar se\u00f1al\u00f3 durante un encuentro con universitarios que el pr\u00f3ximo a\u00f1o la Fiscal\u00eda General de la Rep\u00fablica y la Secretar\u00eda de Seguridad P\u00fablica tendr\u00e1n menos recursos para combatir la inseguridad. Vargas del Villar, sostuvo frente a los [&hellip;]<\/p>\n","protected":false},"author":1,"featured_media":95848,"comment_status":"closed","ping_status":"closed","sticky":false,"template":"","format":"standard","meta":{"footnotes":""},"categories":[30,36,31],"tags":[46],"class_list":["post-95847","post","type-post","status-publish","format-standard","has-post-thumbnail","hentry","category-destacado","category-edomex","category-portada","tag-portadaedomex"],"_links":{"self":[{"href":"https:\/\/elinformante.mx\/index.php?rest_route=\/wp\/v2\/posts\/95847","targetHints":{"allow":["GET"]}}],"collection":[{"href":"https:\/\/elinformante.mx\/index.php?rest_route=\/wp\/v2\/posts"}],"about":[{"href":"https:\/\/elinformante.mx\/index.php?rest_route=\/wp\/v2\/types\/post"}],"author":[{"embeddable":true,"href":"https:\/\/elinformante.mx\/index.php?rest_route=\/wp\/v2\/users\/1"}],"replies":[{"embeddable":true,"href":"https:\/\/elinformante.mx\/index.php?rest_route=%2Fwp%2Fv2%2Fcomments&post=95847"}],"version-history":[{"count":0,"href":"https:\/\/elinformante.mx\/index.php?rest_route=\/wp\/v2\/posts\/95847\/revisions"}],"wp:featuredmedia":[{"embeddable":true,"href":"https:\/\/elinformante.mx\/index.php?rest_route=\/wp\/v2\/media\/95848"}],"wp:attachment":[{"href":"https:\/\/elinformante.mx\/index.php?rest_route=%2Fwp%2Fv2%2Fmedia&parent=95847"}],"wp:term":[{"taxonomy":"category","embeddable":true,"href":"https:\/\/elinformante.mx\/index.php?rest_route=%2Fwp%2Fv2%2Fcategories&post=95847"},{"taxonomy":"post_tag","embeddable":true,"href":"https:\/\/elinformante.mx\/index.php?rest_route=%2Fwp%2Fv2%2Ftags&post=95847"}],"curies":[{"name":"wp","href":"https:\/\/api.w.org\/{rel}","templated":true}]}}