{"id":95871,"date":"2025-11-11T07:01:29","date_gmt":"2025-11-11T13:01:29","guid":{"rendered":"https:\/\/elinformante.mx\/?p=95871"},"modified":"2025-11-11T07:01:32","modified_gmt":"2025-11-11T13:01:32","slug":"presenta-sheinbaum-la-copa-mundial-fifa-2026","status":"publish","type":"post","link":"https:\/\/elinformante.mx\/?p=95871","title":{"rendered":"PRESENTA SHEINBAUM LA COPA MUNDIAL FIFA 2026"},"content":{"rendered":"\n<figure class=\"wp-block-pullquote\"><blockquote><p>-\u201cM\u00e9xico 2026\u201d comprender\u00e1 una serie de eventos p\u00fablicos y gratuitos en las 32 entidades de la Rep\u00fablica, desde la construcci\u00f3n de canchas en todo el pa\u00eds, la organizaci\u00f3n de \u201cMundialitos\u201d y torneos para personas de todas las edades y los FIFA FEST.<\/p><\/blockquote><\/figure>\n\n\n\n<p class=\"has-drop-cap\">La Presidenta Claudia Sheinbaum Pardo present\u00f3 la Copa Mundial FIFA 2026, cuya inauguraci\u00f3n ser\u00e1 el pr\u00f3ximo 11 de junio en la Ciudad de M\u00e9xico, la cual, destac\u00f3, ser\u00e1 una fiesta mundialista que generar\u00e1 alegr\u00eda y en la que se tendr\u00e1 la oportunidad de mostrar al mundo la amistad y uni\u00f3n entre M\u00e9xico, Canad\u00e1 y Estados Unidos, as\u00ed como para revelar la grandeza cultural de nuestro pa\u00eds y el momento hist\u00f3rico que vive su pueblo empoderado.<br><\/p>\n\n\n\n<p>Resalt\u00f3 que M\u00e9xico est\u00e1 listo para recibir la Copa Mundial FIFA 2026, con la que llegar\u00e1n 5.5 millones de visitantes, quienes dejar\u00e1n una importante derrama econ\u00f3mica.<br><\/p>\n\n\n\n<figure class=\"wp-block-image size-large\"><img fetchpriority=\"high\" decoding=\"async\" width=\"1024\" height=\"506\" src=\"https:\/\/elinformante.mx\/wp-content\/uploads\/2025\/11\/9claudia-2-2-1024x506.jpg\" alt=\"\" class=\"wp-image-95875\" srcset=\"https:\/\/elinformante.mx\/wp-content\/uploads\/2025\/11\/9claudia-2-2-1024x506.jpg 1024w, https:\/\/elinformante.mx\/wp-content\/uploads\/2025\/11\/9claudia-2-2-300x148.jpg 300w, https:\/\/elinformante.mx\/wp-content\/uploads\/2025\/11\/9claudia-2-2-768x379.jpg 768w, https:\/\/elinformante.mx\/wp-content\/uploads\/2025\/11\/9claudia-2-2.jpg 1140w\" sizes=\"(max-width: 1024px) 100vw, 1024px\" \/><\/figure>\n\n\n\n<p>Se\u00f1al\u00f3 que para recibirlos se cuenta con los aeropuertos de Guadalajara, Jalisco y Monterrey, Nuevo Le\u00f3n, as\u00ed como los dos de la capital: el Aeropuerto Internacional de la Ciudad de M\u00e9xico (AICM) en el que se invirtieron 9 mil millones de pesos (mdp) para su remodelaci\u00f3n, adem\u00e1s de que tambi\u00e9n estar\u00e1 listo el tren del Aeropuerto Internacional Felipe \u00c1ngeles (AIFA) a la CDMX.<br><\/p>\n\n\n\n<p>Posteriormente, se presentar\u00e1 el Mundial Social, una serie de actividades que se desarrollar\u00e1n alrededor del Mundial 2026 en el que se construir\u00e1n canchas en todo el pa\u00eds, tambi\u00e9n se organizar\u00e1n \u201cMundialitos\u201d de j\u00f3venes, ni\u00f1as, ni\u00f1os, adultos mayores, de personas con discapacidad, se realizar\u00e1n distintos torneos, entre otras acciones como los FIFA FEST que se organizan con la FIFA para que el p\u00fablico en general pueda ver los diferentes partidos.<br><\/p>\n\n\n\n<figure class=\"wp-block-image size-large\"><img decoding=\"async\" width=\"1024\" height=\"506\" src=\"https:\/\/elinformante.mx\/wp-content\/uploads\/2025\/11\/9claudia-6-1024x506.jpg\" alt=\"\" class=\"wp-image-95876\" srcset=\"https:\/\/elinformante.mx\/wp-content\/uploads\/2025\/11\/9claudia-6-1024x506.jpg 1024w, https:\/\/elinformante.mx\/wp-content\/uploads\/2025\/11\/9claudia-6-300x148.jpg 300w, https:\/\/elinformante.mx\/wp-content\/uploads\/2025\/11\/9claudia-6-768x379.jpg 768w, https:\/\/elinformante.mx\/wp-content\/uploads\/2025\/11\/9claudia-6.jpg 1140w\" sizes=\"(max-width: 1024px) 100vw, 1024px\" \/><\/figure>\n\n\n\n<p>Se\u00f1al\u00f3 que donar\u00e1 su boleto 001 a una ni\u00f1a o joven que ame el f\u00fatbol, ya que el deseo es que este evento mundialista sea una oportunidad para que todas y todos sean parte del f\u00fatbol, particularmente, para las mujeres.<br><\/p>\n\n\n\n<p>Sheinbaum envi\u00f3 un mensaje a la Selecci\u00f3n Mexicana de cara a su participaci\u00f3n en la justa mundialista: \u201cCuando salten a la cancha piensen en el gran pa\u00eds que representan. M\u00e9xico es un pa\u00eds extraordinario, con un pueblo excepcional y cada vez que toquen la cancha que piensen en eso: en nuestra historia, en lo que representamos, en el gran pa\u00eds que somos\u201d.<br><\/p>\n\n\n\n<figure class=\"wp-block-image size-large\"><img decoding=\"async\" width=\"1024\" height=\"506\" src=\"https:\/\/elinformante.mx\/wp-content\/uploads\/2025\/11\/9claudia-6-1-1024x506.jpg\" alt=\"\" class=\"wp-image-95877\" srcset=\"https:\/\/elinformante.mx\/wp-content\/uploads\/2025\/11\/9claudia-6-1-1024x506.jpg 1024w, https:\/\/elinformante.mx\/wp-content\/uploads\/2025\/11\/9claudia-6-1-300x148.jpg 300w, https:\/\/elinformante.mx\/wp-content\/uploads\/2025\/11\/9claudia-6-1-768x379.jpg 768w, https:\/\/elinformante.mx\/wp-content\/uploads\/2025\/11\/9claudia-6-1.jpg 1140w\" sizes=\"(max-width: 1024px) 100vw, 1024px\" \/><\/figure>\n\n\n\n<p>La secretaria de Gobernaci\u00f3n, Rosa Icela Rodr\u00edguez Vel\u00e1zquez, destac\u00f3 que la Copa Mundial FIFA 2026 que pondr\u00e1 a M\u00e9xico en la agenda internacional y ser\u00e1 un gran momento para mostrar a M\u00e9xico al mundo, su gastronom\u00eda, sus artesan\u00edas y su biodiversidad, haciendo de esta justa deportiva inolvidable.<br><\/p>\n\n\n\n<p>Tambi\u00e9n se unifican esfuerzos para que la Copa Mundial se viva en cada colonia, barrio y pueblo, a trav\u00e9s de \u201cM\u00e9xico 2026\u201d, que comprende una serie de eventos p\u00fablicos y gratuitos en las 32 entidades de la Rep\u00fablica.<br><\/p>\n\n\n\n<figure class=\"wp-block-image size-large\"><img loading=\"lazy\" decoding=\"async\" width=\"1024\" height=\"506\" src=\"https:\/\/elinformante.mx\/wp-content\/uploads\/2025\/11\/9claudia-5-1-1024x506.jpg\" alt=\"\" class=\"wp-image-95878\" srcset=\"https:\/\/elinformante.mx\/wp-content\/uploads\/2025\/11\/9claudia-5-1-1024x506.jpg 1024w, https:\/\/elinformante.mx\/wp-content\/uploads\/2025\/11\/9claudia-5-1-300x148.jpg 300w, https:\/\/elinformante.mx\/wp-content\/uploads\/2025\/11\/9claudia-5-1-768x379.jpg 768w, https:\/\/elinformante.mx\/wp-content\/uploads\/2025\/11\/9claudia-5-1.jpg 1140w\" sizes=\"(max-width: 1024px) 100vw, 1024px\" \/><\/figure>\n\n\n\n<p>El director ejecutivo de la FIFA M\u00e9xico, Jurgen Mainka Ruiz, puntualiz\u00f3 que la Copa Mundial FIFA 2026 ser\u00e1 la m\u00e1s grande de la historia con la participaci\u00f3n de 48 selecciones nacionales, 28 pa\u00edses ya clasificados y 104 partidos en 39 d\u00edas.<br><\/p>\n\n\n\n<p>Inform\u00f3 que los estadios mexicanos recibir\u00e1n a m\u00e1s de 800 mil aficionados y en los FIFA Fan Festival de los tres pa\u00edses sede, m\u00e1s de 6 millones vivir\u00e1n una experiencia gratuita de cultura, arte, m\u00fasica y gastronom\u00eda.<\/p>\n\n\n\n<figure class=\"wp-block-image size-large\"><img loading=\"lazy\" decoding=\"async\" width=\"1024\" height=\"506\" src=\"https:\/\/elinformante.mx\/wp-content\/uploads\/2025\/11\/9claudia-4-2-1024x506.jpg\" alt=\"\" class=\"wp-image-95879\" srcset=\"https:\/\/elinformante.mx\/wp-content\/uploads\/2025\/11\/9claudia-4-2-1024x506.jpg 1024w, https:\/\/elinformante.mx\/wp-content\/uploads\/2025\/11\/9claudia-4-2-300x148.jpg 300w, https:\/\/elinformante.mx\/wp-content\/uploads\/2025\/11\/9claudia-4-2-768x379.jpg 768w, https:\/\/elinformante.mx\/wp-content\/uploads\/2025\/11\/9claudia-4-2.jpg 1140w\" sizes=\"(max-width: 1024px) 100vw, 1024px\" \/><\/figure>\n","protected":false},"excerpt":{"rendered":"<p>-\u201cM\u00e9xico 2026\u201d comprender\u00e1 una serie de eventos p\u00fablicos y gratuitos en las 32 entidades de la Rep\u00fablica, desde la construcci\u00f3n de canchas en todo el pa\u00eds, la organizaci\u00f3n de \u201cMundialitos\u201d y torneos para personas de todas las edades y los FIFA FEST. La Presidenta Claudia Sheinbaum Pardo present\u00f3 la Copa Mundial FIFA 2026, cuya inauguraci\u00f3n [&hellip;]<\/p>\n","protected":false},"author":1,"featured_media":95874,"comment_status":"closed","ping_status":"closed","sticky":false,"template":"","format":"standard","meta":{"footnotes":""},"categories":[30,34,31],"tags":[47],"class_list":["post-95871","post","type-post","status-publish","format-standard","has-post-thumbnail","hentry","category-destacado","category-nacional","category-portada","tag-portadanacional"],"_links":{"self":[{"href":"https:\/\/elinformante.mx\/index.php?rest_route=\/wp\/v2\/posts\/95871","targetHints":{"allow":["GET"]}}],"collection":[{"href":"https:\/\/elinformante.mx\/index.php?rest_route=\/wp\/v2\/posts"}],"about":[{"href":"https:\/\/elinformante.mx\/index.php?rest_route=\/wp\/v2\/types\/post"}],"author":[{"embeddable":true,"href":"https:\/\/elinformante.mx\/index.php?rest_route=\/wp\/v2\/users\/1"}],"replies":[{"embeddable":true,"href":"https:\/\/elinformante.mx\/index.php?rest_route=%2Fwp%2Fv2%2Fcomments&post=95871"}],"version-history":[{"count":0,"href":"https:\/\/elinformante.mx\/index.php?rest_route=\/wp\/v2\/posts\/95871\/revisions"}],"wp:featuredmedia":[{"embeddable":true,"href":"https:\/\/elinformante.mx\/index.php?rest_route=\/wp\/v2\/media\/95874"}],"wp:attachment":[{"href":"https:\/\/elinformante.mx\/index.php?rest_route=%2Fwp%2Fv2%2Fmedia&parent=95871"}],"wp:term":[{"taxonomy":"category","embeddable":true,"href":"https:\/\/elinformante.mx\/index.php?rest_route=%2Fwp%2Fv2%2Fcategories&post=95871"},{"taxonomy":"post_tag","embeddable":true,"href":"https:\/\/elinformante.mx\/index.php?rest_route=%2Fwp%2Fv2%2Ftags&post=95871"}],"curies":[{"name":"wp","href":"https:\/\/api.w.org\/{rel}","templated":true}]}}