{"id":95890,"date":"2025-11-12T05:50:36","date_gmt":"2025-11-12T11:50:36","guid":{"rendered":"https:\/\/elinformante.mx\/?p=95890"},"modified":"2025-11-12T05:50:43","modified_gmt":"2025-11-12T11:50:43","slug":"lamine-yamal-quedara-fuera-de-la-seleccion-de-espana","status":"publish","type":"post","link":"https:\/\/elinformante.mx\/?p=95890","title":{"rendered":"Lamine Yamal quedar\u00e1 fuera de la selecci\u00f3n de Espa\u00f1a"},"content":{"rendered":"\n<figure class=\"wp-block-pullquote\"><blockquote><p>Todo parece indicar que los problemas de comunicaci\u00f3n entre su equipo, el FC Barcelona y la Real Federaci\u00f3n Espa\u00f1ola de F\u00fatbol (RFEF) ser\u00edan la causa.<\/p><\/blockquote><\/figure>\n\n\n\n<p class=\"has-drop-cap\">La relaci\u00f3n entre la Selecci\u00f3n de Espa\u00f1a y el FC Barcelona atraviesa un nuevo cap\u00edtulo de tensi\u00f3n. Lamine Yamal, quien se hab\u00eda convocado para la doble fecha de Eliminatorias al Mundial 2026, fue desconvocado por la Real Federaci\u00f3n Espa\u00f1ola de F\u00fatbol (RFEF) tras una serie de controversias relacionadas con su tratamiento m\u00e9dico. Esta decisi\u00f3n no solo resalta las diferencias entre el cuerpo m\u00e9dico de la Roja y el club catal\u00e1n, sino que tambi\u00e9n pone en duda el manejo del jugador en su recuperaci\u00f3n de la pubalgia.<br><\/p>\n\n\n\n<p>Durante la doble fecha de septiembre, Lamine Yamal fue convocado a pesar de sus molestias en el pubis, lo que caus\u00f3 cr\u00edticas desde el FC Barcelona. El jugador empeor\u00f3 tras la jornada, lo que origin\u00f3 un conflicto p\u00fablico entre el seleccionador Luis de la Fuente y el entrenador Hansi Flick.<br><\/p>\n\n\n\n<p>La falta de comunicaci\u00f3n y coordinaci\u00f3n entre ambos cuerpos m\u00e9dicos sobre la salud de Yamal provoc\u00f3 un enfrentamiento en los medios y una creciente desconfianza entre las partes involucradas.<br><\/p>\n\n\n\n<p>A inicio de semana, la RFEF emiti\u00f3 un comunicado oficial confirmando la desconvocatoria de Lamine Yamal para los pr\u00f3ximos partidos ante Georgia y Turqu\u00eda.<br><\/p>\n\n\n\n<p>De acuerdo con lo se\u00f1alado por la Real Federaci\u00f3n, la raz\u00f3n principal de la desconvocatoria es que Yamal fue sometido a un procedimiento invasivo de radiofrecuencia para tratar su pubalgia sin notificar previamente a los m\u00e9dicos de la Selecci\u00f3n.<br><\/p>\n\n\n\n<p>El informe lleg\u00f3 al cuerpo m\u00e9dico espa\u00f1ol varias horas despu\u00e9s del tratamiento, lo que gener\u00f3 a\u00fan m\u00e1s incertidumbre sobre el futuro del jugador en el equipo.<br><\/p>\n\n\n\n<p>El comunicado de la RFEF expresa la sorpresa y malestar de los servicios m\u00e9dicos al enterarse de la intervenci\u00f3n de Yamal, realizada sin su conocimiento.<br><\/p>\n\n\n\n<p>\u201cEl jugador ha sido sometido a un procedimiento invasivo de radiofrecuencia, una decisi\u00f3n tomada sin comunicaci\u00f3n previa al cuerpo m\u00e9dico de la Selecci\u00f3n\u201d, explic\u00f3 el comunicado.<br><\/p>\n\n\n\n<p>Se mencion\u00f3 que la recomendaci\u00f3n m\u00e9dica del tratamiento era un reposo de entre 7 y 10 d\u00edas, lo que impide que Yamal forme parte de la convocatoria.<br><\/p>\n\n\n\n<p>La prioridad ahora es la recuperaci\u00f3n completa de Lamine Yamal. La Real Federaci\u00f3n Espa\u00f1ola de F\u00fatbol decidi\u00f3 liberar al jugador de la concentraci\u00f3n y espera que se recupere favorablemente para estar listo en futuras convocatorias.<br><\/p>\n\n\n\n<p>En el FC Barcelona, su equipo, tambi\u00e9n se esperan medidas que garanticen una rehabilitaci\u00f3n adecuada, alejando cualquier posibilidad de reca\u00eddas que puedan seguir da\u00f1ando la carrera de uno de los talentos m\u00e1s prometedores del f\u00fatbol mundial.<\/p>\n","protected":false},"excerpt":{"rendered":"<p>Todo parece indicar que los problemas de comunicaci\u00f3n entre su equipo, el FC Barcelona y la Real Federaci\u00f3n Espa\u00f1ola de F\u00fatbol (RFEF) ser\u00edan la causa. La relaci\u00f3n entre la Selecci\u00f3n de Espa\u00f1a y el FC Barcelona atraviesa un nuevo cap\u00edtulo de tensi\u00f3n. Lamine Yamal, quien se hab\u00eda convocado para la doble fecha de Eliminatorias al [&hellip;]<\/p>\n","protected":false},"author":1,"featured_media":95893,"comment_status":"closed","ping_status":"closed","sticky":false,"template":"","format":"standard","meta":{"footnotes":""},"categories":[38],"tags":[],"class_list":["post-95890","post","type-post","status-publish","format-standard","has-post-thumbnail","hentry","category-deportes"],"_links":{"self":[{"href":"https:\/\/elinformante.mx\/index.php?rest_route=\/wp\/v2\/posts\/95890","targetHints":{"allow":["GET"]}}],"collection":[{"href":"https:\/\/elinformante.mx\/index.php?rest_route=\/wp\/v2\/posts"}],"about":[{"href":"https:\/\/elinformante.mx\/index.php?rest_route=\/wp\/v2\/types\/post"}],"author":[{"embeddable":true,"href":"https:\/\/elinformante.mx\/index.php?rest_route=\/wp\/v2\/users\/1"}],"replies":[{"embeddable":true,"href":"https:\/\/elinformante.mx\/index.php?rest_route=%2Fwp%2Fv2%2Fcomments&post=95890"}],"version-history":[{"count":0,"href":"https:\/\/elinformante.mx\/index.php?rest_route=\/wp\/v2\/posts\/95890\/revisions"}],"wp:featuredmedia":[{"embeddable":true,"href":"https:\/\/elinformante.mx\/index.php?rest_route=\/wp\/v2\/media\/95893"}],"wp:attachment":[{"href":"https:\/\/elinformante.mx\/index.php?rest_route=%2Fwp%2Fv2%2Fmedia&parent=95890"}],"wp:term":[{"taxonomy":"category","embeddable":true,"href":"https:\/\/elinformante.mx\/index.php?rest_route=%2Fwp%2Fv2%2Fcategories&post=95890"},{"taxonomy":"post_tag","embeddable":true,"href":"https:\/\/elinformante.mx\/index.php?rest_route=%2Fwp%2Fv2%2Ftags&post=95890"}],"curies":[{"name":"wp","href":"https:\/\/api.w.org\/{rel}","templated":true}]}}