{"id":95892,"date":"2025-11-12T05:52:45","date_gmt":"2025-11-12T11:52:45","guid":{"rendered":"https:\/\/elinformante.mx\/?p=95892"},"modified":"2025-11-12T05:52:52","modified_gmt":"2025-11-12T11:52:52","slug":"confirma-cristiano-ronaldo-que-el-mundial-2026-sera-el-ultimo-que-jugara","status":"publish","type":"post","link":"https:\/\/elinformante.mx\/?p=95892","title":{"rendered":"Confirma Cristiano Ronaldo que el Mundial 2026 ser\u00e1 el \u00faltimo que jugar\u00e1"},"content":{"rendered":"\n<figure class=\"wp-block-pullquote\"><blockquote><p>La selecci\u00f3n lusa todav\u00eda no asegura su clasificaci\u00f3n al Mundial de 2026, pero podr\u00eda hacerlo este jueves.<\/p><\/blockquote><\/figure>\n\n\n\n<p class=\"has-drop-cap\">El astro portugu\u00e9s, Cristiano Ronaldo, confirm\u00f3 que el Mundial de 2026 ser\u00e1 el \u00faltimo de su brillante carrera internacional.<br><\/p>\n\n\n\n<p>El actual jugador del Al-Nassr de Arabia Saudita, llegar\u00e1 a esa cita con 41 a\u00f1os, asegur\u00f3 que ser\u00e1 el momento ideal para despedirse de la selecci\u00f3n de Portugal tras dos d\u00e9cadas en la \u00e9lite del f\u00fatbol mundial.<br><\/p>\n\n\n\n<p>\u201cDefinitivamente, s\u00ed\u201d, respondi\u00f3 Ronaldo cuando se le pregunt\u00f3 si el pr\u00f3ximo Mundial 2026 ser\u00e1 su \u00faltimo. \u201cTendr\u00e9 41 a\u00f1os y creo que ser\u00e1 el momento\u201d, declar\u00f3 durante un foro sobre turismo celebrado en Arabia Saudita.<br><\/p>\n\n\n\n<p>El capit\u00e1n portugu\u00e9s, que debut\u00f3 con su selecci\u00f3n en 2003, tambi\u00e9n habl\u00f3 sobre su futuro en el f\u00fatbol profesional y admiti\u00f3 que el retiro est\u00e1 cada vez m\u00e1s cerca: \u201cSeamos honestos, cuando digo pronto, probablemente signifique uno o dos a\u00f1os m\u00e1s\u201d, a\u00f1adi\u00f3 con una sonrisa.<br><\/p>\n\n\n\n<p>Pese a su impresionante palmar\u00e9s, Cristiano Ronaldo nunca ha conquistado una Copa del Mundo, el \u00fanico trofeo que falta en su carrera. Su mejor actuaci\u00f3n fue en Alemania 2006, cuando Portugal alcanz\u00f3 las semifinales y cay\u00f3 ante Francia.<br><\/p>\n\n\n\n<p>La selecci\u00f3n lusa todav\u00eda no asegura su clasificaci\u00f3n al Mundial de 2026, pero podr\u00eda hacerlo este jueves si logra vencer a Irlanda en su \u00faltimo compromiso de las eliminatorias europeas. Ronaldo ha sido pieza clave en el exitoso ciclo dirigido por Roberto Mart\u00ednez, donde contin\u00faa demostrando su vigencia con goles y liderazgo.<br><\/p>\n\n\n\n<p>Tras triunfar en clubes como el Manchester United, el Real Madrid y la Juventus, Ronaldo sorprendi\u00f3 al mundo al fichar por el Al-Nassr en 2023, marcando el inicio de una ola de grandes figuras hacia la Saudi Pro League.<br><\/p>\n\n\n\n<p>Su llegada se enmarca dentro del ambicioso plan de reformas \u201cVisi\u00f3n 2030\u201d, impulsado por el pr\u00edncipe heredero Mohammed bin Salm\u00e1n, que busca diversificar la econom\u00eda saudita y posicionar al pa\u00eds como un referente global en el deporte.<br><\/p>\n\n\n\n<p>No obstante, esta estrategia ha generado cr\u00edticas de organizaciones internacionales que acusan a Arabia Saudita de \u201cblanquear su imagen\u201d mediante la organizaci\u00f3n de grandes eventos deportivos.<br><\/p>\n\n\n\n<p>Cristiano Ronaldo parece decidido a cerrar su carrera bajo los reflectores del futbol saudita y con una meta final: disputar su sexto Mundial en 2026, antes de despedirse definitivamente del balompi\u00e9 internacional.<\/p>\n","protected":false},"excerpt":{"rendered":"<p>La selecci\u00f3n lusa todav\u00eda no asegura su clasificaci\u00f3n al Mundial de 2026, pero podr\u00eda hacerlo este jueves. El astro portugu\u00e9s, Cristiano Ronaldo, confirm\u00f3 que el Mundial de 2026 ser\u00e1 el \u00faltimo de su brillante carrera internacional. El actual jugador del Al-Nassr de Arabia Saudita, llegar\u00e1 a esa cita con 41 a\u00f1os, asegur\u00f3 que ser\u00e1 el [&hellip;]<\/p>\n","protected":false},"author":1,"featured_media":95895,"comment_status":"closed","ping_status":"closed","sticky":false,"template":"","format":"standard","meta":{"footnotes":""},"categories":[38,30],"tags":[],"class_list":["post-95892","post","type-post","status-publish","format-standard","has-post-thumbnail","hentry","category-deportes","category-destacado"],"_links":{"self":[{"href":"https:\/\/elinformante.mx\/index.php?rest_route=\/wp\/v2\/posts\/95892","targetHints":{"allow":["GET"]}}],"collection":[{"href":"https:\/\/elinformante.mx\/index.php?rest_route=\/wp\/v2\/posts"}],"about":[{"href":"https:\/\/elinformante.mx\/index.php?rest_route=\/wp\/v2\/types\/post"}],"author":[{"embeddable":true,"href":"https:\/\/elinformante.mx\/index.php?rest_route=\/wp\/v2\/users\/1"}],"replies":[{"embeddable":true,"href":"https:\/\/elinformante.mx\/index.php?rest_route=%2Fwp%2Fv2%2Fcomments&post=95892"}],"version-history":[{"count":0,"href":"https:\/\/elinformante.mx\/index.php?rest_route=\/wp\/v2\/posts\/95892\/revisions"}],"wp:featuredmedia":[{"embeddable":true,"href":"https:\/\/elinformante.mx\/index.php?rest_route=\/wp\/v2\/media\/95895"}],"wp:attachment":[{"href":"https:\/\/elinformante.mx\/index.php?rest_route=%2Fwp%2Fv2%2Fmedia&parent=95892"}],"wp:term":[{"taxonomy":"category","embeddable":true,"href":"https:\/\/elinformante.mx\/index.php?rest_route=%2Fwp%2Fv2%2Fcategories&post=95892"},{"taxonomy":"post_tag","embeddable":true,"href":"https:\/\/elinformante.mx\/index.php?rest_route=%2Fwp%2Fv2%2Ftags&post=95892"}],"curies":[{"name":"wp","href":"https:\/\/api.w.org\/{rel}","templated":true}]}}