{"id":95898,"date":"2025-11-12T06:03:07","date_gmt":"2025-11-12T12:03:07","guid":{"rendered":"https:\/\/elinformante.mx\/?p=95898"},"modified":"2025-11-12T06:03:17","modified_gmt":"2025-11-12T12:03:17","slug":"se-inauguran-en-zinacantepec-las-caravanas-itinerantes-por-la-justicia-social","status":"publish","type":"post","link":"https:\/\/elinformante.mx\/?p=95898","title":{"rendered":"Se inauguran en Zinacantepec las Caravanas Itinerantes por la Justicia Social"},"content":{"rendered":"\n<figure class=\"wp-block-pullquote\"><blockquote><p>El gobierno de Zinacantepec busca acercar la justicia social a cada rinc\u00f3n del municipio.<\/p><\/blockquote><\/figure>\n\n\n\n<p class=\"has-drop-cap\">El Gobierno del Estado de M\u00e9xico, en coordinaci\u00f3n con el Ayuntamiento de Zinacantepec, inauguraron las Caravanas Itinerantes por la Justicia Social, se\u00f1alando que son el resultado de un gran esfuerzo interinstitucional para acercar m\u00e1s de 120 servicios gratuitos a nuestras vecinas y vecinos del municipio.<br><\/p>\n\n\n\n<p>Estas Caravanas se llevar\u00e1n a cabo del 11 al 15 de noviembre, donde las y los zinacantepequenses podr\u00e1n acceder a tr\u00e1mites, asesor\u00edas y apoyos que fortalecen el bienestar de las familias.<br><\/p>\n\n\n\n<p>Ser\u00e1n m\u00e1s de 125 tr\u00e1mites y servicios a tu alcance, muchos de ellos ofrecidos de manera gratuita y entre los que incluyen asesor\u00eda jur\u00eddica en materia civil, penal, mercantil, laboral y familiar, todos encabezados por la Defensor\u00eda P\u00fablica.<br><\/p>\n\n\n\n<p>Se\u00f1alaron que el gobierno de Zinacantepec contin\u00faa trabajando para que nadie se quede atr\u00e1s y todos tengan acceso a los servicios que mejoren su calidad de vida.<br><\/p>\n\n\n\n<p>Las caravanas Itinerantes Justicia Social se llevar\u00e1n a cabo en el jard\u00edn Constituci\u00f3n de la cabecera del municipio, en un horario de 09:00 a 15:00 horas.<\/p>\n","protected":false},"excerpt":{"rendered":"<p>El gobierno de Zinacantepec busca acercar la justicia social a cada rinc\u00f3n del municipio. El Gobierno del Estado de M\u00e9xico, en coordinaci\u00f3n con el Ayuntamiento de Zinacantepec, inauguraron las Caravanas Itinerantes por la Justicia Social, se\u00f1alando que son el resultado de un gran esfuerzo interinstitucional para acercar m\u00e1s de 120 servicios gratuitos a nuestras vecinas [&hellip;]<\/p>\n","protected":false},"author":1,"featured_media":95903,"comment_status":"closed","ping_status":"closed","sticky":false,"template":"","format":"standard","meta":{"footnotes":""},"categories":[36],"tags":[],"class_list":["post-95898","post","type-post","status-publish","format-standard","has-post-thumbnail","hentry","category-edomex"],"_links":{"self":[{"href":"https:\/\/elinformante.mx\/index.php?rest_route=\/wp\/v2\/posts\/95898","targetHints":{"allow":["GET"]}}],"collection":[{"href":"https:\/\/elinformante.mx\/index.php?rest_route=\/wp\/v2\/posts"}],"about":[{"href":"https:\/\/elinformante.mx\/index.php?rest_route=\/wp\/v2\/types\/post"}],"author":[{"embeddable":true,"href":"https:\/\/elinformante.mx\/index.php?rest_route=\/wp\/v2\/users\/1"}],"replies":[{"embeddable":true,"href":"https:\/\/elinformante.mx\/index.php?rest_route=%2Fwp%2Fv2%2Fcomments&post=95898"}],"version-history":[{"count":0,"href":"https:\/\/elinformante.mx\/index.php?rest_route=\/wp\/v2\/posts\/95898\/revisions"}],"wp:featuredmedia":[{"embeddable":true,"href":"https:\/\/elinformante.mx\/index.php?rest_route=\/wp\/v2\/media\/95903"}],"wp:attachment":[{"href":"https:\/\/elinformante.mx\/index.php?rest_route=%2Fwp%2Fv2%2Fmedia&parent=95898"}],"wp:term":[{"taxonomy":"category","embeddable":true,"href":"https:\/\/elinformante.mx\/index.php?rest_route=%2Fwp%2Fv2%2Fcategories&post=95898"},{"taxonomy":"post_tag","embeddable":true,"href":"https:\/\/elinformante.mx\/index.php?rest_route=%2Fwp%2Fv2%2Ftags&post=95898"}],"curies":[{"name":"wp","href":"https:\/\/api.w.org\/{rel}","templated":true}]}}