{"id":95900,"date":"2025-11-12T06:01:33","date_gmt":"2025-11-12T12:01:33","guid":{"rendered":"https:\/\/elinformante.mx\/?p=95900"},"modified":"2025-11-12T06:01:41","modified_gmt":"2025-11-12T12:01:41","slug":"lerma-se-suma-al-buen-fin-2025-con-ofertas-en-productos-locales","status":"publish","type":"post","link":"https:\/\/elinformante.mx\/?p=95900","title":{"rendered":"Lerma se suma al Buen Fin 2025 con ofertas en productos locales"},"content":{"rendered":"\n<figure class=\"wp-block-pullquote\"><blockquote><p>El gobierno de Lerma ofrecer\u00e1 en esta edici\u00f3n varios descuentos y condonaciones.<\/p><\/blockquote><\/figure>\n\n\n\n<p class=\"has-drop-cap\">El municipio de Lerma, encabezado por el presidente municipal Miguel \u00c1ngel Ram\u00edrez Ponce, inform\u00f3 que se suma al \u201cBuen Fin 2025\u201d que se llevar\u00e1 a cabo del 13 de noviembre al 17 de noviembre.<br><\/p>\n\n\n\n<p>Informaron que el gobierno de Lerma ofrecer\u00e1 en esta edici\u00f3n varios descuentos y condonaciones como:<br><\/p>\n\n\n\n<p>Condonaci\u00f3n del 100% en multas y recargos en pago al impuesto Predial para contribuyentes con adeudos anteriores al ejercicio fiscal 2025.<br><\/p>\n\n\n\n<p>Condonaci\u00f3n del 100% en recargos para el pago del impuesto sobre adquisici\u00f3n de inmuebles y otras operaciones traslativas de dominio de inmuebles en ejercicios fiscales del 2020 al 2025.<br><\/p>\n\n\n\n<p>As\u00ed lo se\u00f1alaron en las redes sociales del municipio, adem\u00e1s lo reafirm\u00f3 Ram\u00edrez Ponce, despu\u00e9s de que asistiera a la presentaci\u00f3n realizada por la Lic. Laura Gonz\u00e1lez Hern\u00e1ndez, Secretaria de Desarrollo Econ\u00f3mico; el Mtro. Daniel Sibaja, Secretario de Movilidad; y el Mtro. Crist\u00f3bal Casta\u00f1eda, Secretario de Seguridad del Estado de M\u00e9xico, en donde informaron de las medidas de atenci\u00f3n y protecci\u00f3n que se implementaran durante la edici\u00f3n del \u201cBuen Fin 2025\u201d.<br><\/p>\n\n\n\n<p>Ram\u00edrez Ponce asegur\u00f3 que el gobierno de Lerma trabaja de manera coordinada con las secretarias del Estado de M\u00e9xico para que el \u201cEl Buen Fin 2025\u201d sea todo un \u00e9xito en la regi\u00f3n.<\/p>\n","protected":false},"excerpt":{"rendered":"<p>El gobierno de Lerma ofrecer\u00e1 en esta edici\u00f3n varios descuentos y condonaciones. El municipio de Lerma, encabezado por el presidente municipal Miguel \u00c1ngel Ram\u00edrez Ponce, inform\u00f3 que se suma al \u201cBuen Fin 2025\u201d que se llevar\u00e1 a cabo del 13 de noviembre al 17 de noviembre. Informaron que el gobierno de Lerma ofrecer\u00e1 en esta [&hellip;]<\/p>\n","protected":false},"author":1,"featured_media":95901,"comment_status":"closed","ping_status":"closed","sticky":false,"template":"","format":"standard","meta":{"footnotes":""},"categories":[36],"tags":[],"class_list":["post-95900","post","type-post","status-publish","format-standard","has-post-thumbnail","hentry","category-edomex"],"_links":{"self":[{"href":"https:\/\/elinformante.mx\/index.php?rest_route=\/wp\/v2\/posts\/95900","targetHints":{"allow":["GET"]}}],"collection":[{"href":"https:\/\/elinformante.mx\/index.php?rest_route=\/wp\/v2\/posts"}],"about":[{"href":"https:\/\/elinformante.mx\/index.php?rest_route=\/wp\/v2\/types\/post"}],"author":[{"embeddable":true,"href":"https:\/\/elinformante.mx\/index.php?rest_route=\/wp\/v2\/users\/1"}],"replies":[{"embeddable":true,"href":"https:\/\/elinformante.mx\/index.php?rest_route=%2Fwp%2Fv2%2Fcomments&post=95900"}],"version-history":[{"count":0,"href":"https:\/\/elinformante.mx\/index.php?rest_route=\/wp\/v2\/posts\/95900\/revisions"}],"wp:featuredmedia":[{"embeddable":true,"href":"https:\/\/elinformante.mx\/index.php?rest_route=\/wp\/v2\/media\/95901"}],"wp:attachment":[{"href":"https:\/\/elinformante.mx\/index.php?rest_route=%2Fwp%2Fv2%2Fmedia&parent=95900"}],"wp:term":[{"taxonomy":"category","embeddable":true,"href":"https:\/\/elinformante.mx\/index.php?rest_route=%2Fwp%2Fv2%2Fcategories&post=95900"},{"taxonomy":"post_tag","embeddable":true,"href":"https:\/\/elinformante.mx\/index.php?rest_route=%2Fwp%2Fv2%2Ftags&post=95900"}],"curies":[{"name":"wp","href":"https:\/\/api.w.org\/{rel}","templated":true}]}}