{"id":95902,"date":"2025-11-12T06:04:44","date_gmt":"2025-11-12T12:04:44","guid":{"rendered":"https:\/\/elinformante.mx\/?p=95902"},"modified":"2025-11-12T06:04:52","modified_gmt":"2025-11-12T12:04:52","slug":"mexicaltzingo-y-gem-impulsan-proyectos-culturales-y-justicia-social-saray-benitez","status":"publish","type":"post","link":"https:\/\/elinformante.mx\/?p=95902","title":{"rendered":"Mexicaltzingo y GEM impulsan proyectos culturales y justicia social: Saray Ben\u00edtez"},"content":{"rendered":"\n<figure class=\"wp-block-pullquote\"><blockquote><p>Ben\u00edtez Espinosa se comprometi\u00f3 a seguir promoviendo el conocimiento, la identidad y el orgullo por nuestras ra\u00edces.<\/p><\/blockquote><\/figure>\n\n\n\n<p class=\"has-drop-cap\">La presidenta municipal de Mexicaltzingo, Saray Ben\u00edtez Espinosa, encabez\u00f3 la segunda edici\u00f3n de las Caravanas Itinerantes por la Justicia C\u00edvica, un valioso programa impulsado por la nuestra querida Gobernadora del Estado de M\u00e9xico, Mtra. Delfina G\u00f3mez \u00c1lvarez.<br><\/p>\n\n\n\n<p>Durante la presentaci\u00f3n, Ben\u00edtez Espinosa mencion\u00f3 que con esta iniciativa se busca acercar a la poblaci\u00f3n de manera directa la atenci\u00f3n, orientaci\u00f3n y servicios gratuitos o a bajo costo a las familias de Mexicaltzingo, con el objetivo de seguir construyendo una sociedad m\u00e1s justa, incluyente y solidaria.<br><\/p>\n\n\n\n<p>Saray Ben\u00edtez agradeci\u00f3 al Gobierno del Estado de M\u00e9xico y a la Gobernadora Delfina G\u00f3mez por su enorme compromiso y por continuar impulsando proyectos que promueven la justicia, el apoyo y la solidaridad en nuestras comunidades.<br><\/p>\n\n\n\n<p>Tambi\u00e9n acudi\u00f3 la presidenta Ben\u00edtez Espinosa a celebrar junto con el presidente municipal de Teotenango, Roberto Bautista el 50.\u00ba Aniversario del Proyecto Arqueol\u00f3gico de Teotenango, un espacio invaluable que preserva y honra nuestra historia, adem\u00e1s de impulsar el valor cultural de nuestro querido Estado de M\u00e9xico<br><\/p>\n\n\n\n<p>Ben\u00edtez Espinosa se comprometi\u00f3 a seguir promoviendo el conocimiento, la identidad y el orgullo por nuestras ra\u00edces.<\/p>\n","protected":false},"excerpt":{"rendered":"<p>Ben\u00edtez Espinosa se comprometi\u00f3 a seguir promoviendo el conocimiento, la identidad y el orgullo por nuestras ra\u00edces. La presidenta municipal de Mexicaltzingo, Saray Ben\u00edtez Espinosa, encabez\u00f3 la segunda edici\u00f3n de las Caravanas Itinerantes por la Justicia C\u00edvica, un valioso programa impulsado por la nuestra querida Gobernadora del Estado de M\u00e9xico, Mtra. Delfina G\u00f3mez \u00c1lvarez. Durante [&hellip;]<\/p>\n","protected":false},"author":1,"featured_media":95905,"comment_status":"closed","ping_status":"closed","sticky":false,"template":"","format":"standard","meta":{"footnotes":""},"categories":[30,36],"tags":[],"class_list":["post-95902","post","type-post","status-publish","format-standard","has-post-thumbnail","hentry","category-destacado","category-edomex"],"_links":{"self":[{"href":"https:\/\/elinformante.mx\/index.php?rest_route=\/wp\/v2\/posts\/95902","targetHints":{"allow":["GET"]}}],"collection":[{"href":"https:\/\/elinformante.mx\/index.php?rest_route=\/wp\/v2\/posts"}],"about":[{"href":"https:\/\/elinformante.mx\/index.php?rest_route=\/wp\/v2\/types\/post"}],"author":[{"embeddable":true,"href":"https:\/\/elinformante.mx\/index.php?rest_route=\/wp\/v2\/users\/1"}],"replies":[{"embeddable":true,"href":"https:\/\/elinformante.mx\/index.php?rest_route=%2Fwp%2Fv2%2Fcomments&post=95902"}],"version-history":[{"count":0,"href":"https:\/\/elinformante.mx\/index.php?rest_route=\/wp\/v2\/posts\/95902\/revisions"}],"wp:featuredmedia":[{"embeddable":true,"href":"https:\/\/elinformante.mx\/index.php?rest_route=\/wp\/v2\/media\/95905"}],"wp:attachment":[{"href":"https:\/\/elinformante.mx\/index.php?rest_route=%2Fwp%2Fv2%2Fmedia&parent=95902"}],"wp:term":[{"taxonomy":"category","embeddable":true,"href":"https:\/\/elinformante.mx\/index.php?rest_route=%2Fwp%2Fv2%2Fcategories&post=95902"},{"taxonomy":"post_tag","embeddable":true,"href":"https:\/\/elinformante.mx\/index.php?rest_route=%2Fwp%2Fv2%2Ftags&post=95902"}],"curies":[{"name":"wp","href":"https:\/\/api.w.org\/{rel}","templated":true}]}}