{"id":95906,"date":"2025-11-12T06:06:55","date_gmt":"2025-11-12T12:06:55","guid":{"rendered":"https:\/\/elinformante.mx\/?p=95906"},"modified":"2025-11-12T06:07:07","modified_gmt":"2025-11-12T12:07:07","slug":"inaugura-fernando-flores-la-rehabilitacion-de-la-calle-arbol-de-la-vida-en-metepec","status":"publish","type":"post","link":"https:\/\/elinformante.mx\/?p=95906","title":{"rendered":"Inaugura Fernando Flores la rehabilitaci\u00f3n de la calle \u00c1rbol de la Vida en Metepec"},"content":{"rendered":"\n<figure class=\"wp-block-pullquote\"><blockquote><p>Con esta nueva pavimentaci\u00f3n integral se beneficiar\u00e1n a m\u00e1s de 23 mil personas.<\/p><\/blockquote><\/figure>\n\n\n\n<p class=\"has-drop-cap\">El presidente municipal de Metepec, Fernando Flores Fern\u00e1ndez, encabez\u00f3 la ceremonia de inauguraci\u00f3n de la pavimentaci\u00f3n integral de la calle \u00c1rbol de la Vida, una obra vial que beneficia directamente a m\u00e1s de 23 mil personas y mejora la conexi\u00f3n entre las avenidas Estado de M\u00e9xico y Lerma.<br><\/p>\n\n\n\n<p>Durante el evento, Flores Fern\u00e1ndez, se\u00f1alo que los trabajos de rehabilitaci\u00f3n incluyeron la intervenci\u00f3n de 1,220 metros lineales de pavimento, la construcci\u00f3n y renovaci\u00f3n de banquetas y guarniciones en 4,532 metros cuadrados, adem\u00e1s de la instalaci\u00f3n de 47 luminarias, 47 coladeras pluviales y labores de balizamiento para reforzar la seguridad vial.<br><\/p>\n\n\n\n<p>Fernando Flores destac\u00f3 que esta obra responde a una petici\u00f3n ciudadana. \u201cMe da mucho gusto ver c\u00f3mo las obras que ped\u00edan los vecinos se concretan. Les pido que sigan alzando la voz y trabajando junto a sus autoridades. Juntos estamos construyendo el Metepec que todos queremos\u201d, expres\u00f3.<br><\/p>\n\n\n\n<p>Vecinos de colonias como Llano Grande, San Salvador Tizatlalli y La Asunci\u00f3n acompa\u00f1aron al presidente Flores Fern\u00e1ndez y le agradecieron por su disposici\u00f3n para escuchar y atender las necesidades de sus comunidades.<br><\/p>\n\n\n\n<p>Mencion\u00f3 que la rehabilitaci\u00f3n de la calle \u00c1rbol de la Vida forma parte del programa de mejoramiento de infraestructura urbana implementado por el Ayuntamiento de Metepec.<br><\/p>\n\n\n\n<p>El objetivo es fortalecer la movilidad, elevar la seguridad y mejorar la calidad de vida en diversas zonas del municipio.<br><\/p>\n\n\n\n<p>Esta obra refleja el avance en servicios p\u00fablicos y urbanismo que vive Metepec. Con acciones puntuales como esta, el gobierno municipal busca consolidar un entorno m\u00e1s seguro, funcional y digno para sus habitantes.<\/p>\n","protected":false},"excerpt":{"rendered":"<p>Con esta nueva pavimentaci\u00f3n integral se beneficiar\u00e1n a m\u00e1s de 23 mil personas. El presidente municipal de Metepec, Fernando Flores Fern\u00e1ndez, encabez\u00f3 la ceremonia de inauguraci\u00f3n de la pavimentaci\u00f3n integral de la calle \u00c1rbol de la Vida, una obra vial que beneficia directamente a m\u00e1s de 23 mil personas y mejora la conexi\u00f3n entre las [&hellip;]<\/p>\n","protected":false},"author":1,"featured_media":95907,"comment_status":"closed","ping_status":"closed","sticky":false,"template":"","format":"standard","meta":{"footnotes":""},"categories":[36],"tags":[],"class_list":["post-95906","post","type-post","status-publish","format-standard","has-post-thumbnail","hentry","category-edomex"],"_links":{"self":[{"href":"https:\/\/elinformante.mx\/index.php?rest_route=\/wp\/v2\/posts\/95906","targetHints":{"allow":["GET"]}}],"collection":[{"href":"https:\/\/elinformante.mx\/index.php?rest_route=\/wp\/v2\/posts"}],"about":[{"href":"https:\/\/elinformante.mx\/index.php?rest_route=\/wp\/v2\/types\/post"}],"author":[{"embeddable":true,"href":"https:\/\/elinformante.mx\/index.php?rest_route=\/wp\/v2\/users\/1"}],"replies":[{"embeddable":true,"href":"https:\/\/elinformante.mx\/index.php?rest_route=%2Fwp%2Fv2%2Fcomments&post=95906"}],"version-history":[{"count":0,"href":"https:\/\/elinformante.mx\/index.php?rest_route=\/wp\/v2\/posts\/95906\/revisions"}],"wp:featuredmedia":[{"embeddable":true,"href":"https:\/\/elinformante.mx\/index.php?rest_route=\/wp\/v2\/media\/95907"}],"wp:attachment":[{"href":"https:\/\/elinformante.mx\/index.php?rest_route=%2Fwp%2Fv2%2Fmedia&parent=95906"}],"wp:term":[{"taxonomy":"category","embeddable":true,"href":"https:\/\/elinformante.mx\/index.php?rest_route=%2Fwp%2Fv2%2Fcategories&post=95906"},{"taxonomy":"post_tag","embeddable":true,"href":"https:\/\/elinformante.mx\/index.php?rest_route=%2Fwp%2Fv2%2Ftags&post=95906"}],"curies":[{"name":"wp","href":"https:\/\/api.w.org\/{rel}","templated":true}]}}