{"id":95912,"date":"2025-11-12T06:25:22","date_gmt":"2025-11-12T12:25:22","guid":{"rendered":"https:\/\/elinformante.mx\/?p=95912"},"modified":"2025-11-12T06:25:29","modified_gmt":"2025-11-12T12:25:29","slug":"reglamento-de-transito-en-edomex-se-reforma-elimina-multas-fijas","status":"publish","type":"post","link":"https:\/\/elinformante.mx\/?p=95912","title":{"rendered":"Reglamento de Tr\u00e1nsito en Edom\u00e9x se reforma; elimina multas fijas"},"content":{"rendered":"\n<figure class=\"wp-block-pullquote\"><blockquote><p>-Se pretende promover la educaci\u00f3n vial y la regularizaci\u00f3n voluntaria sin afectar la econom\u00eda de los conductores.<\/p><\/blockquote><\/figure>\n\n\n\n<p class=\"has-drop-cap\">Con el objetivo de garantizar una movilidad segura para las y los mexiquenses, el Gobierno del Estado de M\u00e9xico impuls\u00f3 la reforma al Reglamento de Tr\u00e1nsito de la entidad, elimina multas fijas y sustituye por rangos de m\u00ednimo, medio y m\u00e1ximo, con lo que se busca la regularizaci\u00f3n voluntaria sin afectar la econom\u00eda de los conductores.<br><\/p>\n\n\n\n<p>A la persona infractora se le aplicar\u00e1 la sanci\u00f3n respectiva al valor diario de las UMA de acuerdo con el rango de sanciones:<br><\/p>\n\n\n\n<ul class=\"wp-block-list\">\n<li>Multa m\u00ednima, si no se cuenta con infracciones<br><\/li>\n\n\n\n<li>Multa media, si se tiene de 2 a 3 infracciones<br><\/li>\n\n\n\n<li>Multa m\u00e1xima, cuando se cuente con m\u00e1s de 4 infracciones<br><\/li>\n<\/ul>\n\n\n\n<p>Por ejemplo, por no respetar se\u00f1alamientos de tr\u00e1nsito restrictivos, la multa m\u00ednima ser\u00eda de 16, la media de 18 y la m\u00e1xima de 20 UMA.<br><\/p>\n\n\n\n<p>Si se utiliza el celular mientras se maneja, se sancionar\u00e1 al conductor con multas de entre 16 y 20 UMA.<br><\/p>\n\n\n\n<p>En caso de que el auto no cuente con cintur\u00f3n de seguridad o se maneje sin utilizarlo, la multa correspondiente ser\u00e1 de entre 3 y 5 UMA.<br><\/p>\n\n\n\n<p>Adem\u00e1s, para prevenir siniestros viales y detectar infracciones se contempla la utilizaci\u00f3n de medios tecnol\u00f3gicos automatizados como puntos de videovigilancia, captura de im\u00e1genes y reconocimiento de placas.<br><\/p>\n\n\n\n<p>La ubicaci\u00f3n de estos puntos se publicar\u00e1 en la p\u00e1gina oficial de la Secretar\u00eda de Seguridad Estatal.<br><\/p>\n\n\n\n<p>La actualizaci\u00f3n al Reglamento de Tr\u00e1nsito del Estado de M\u00e9xico entrar\u00e1 en vigor el pr\u00f3ximo 25 de noviembre. Con estas reformas, el Gobierno del Estado de M\u00e9xico tiene el prop\u00f3sito de fortalecer la seguridad vial y garantizar el derecho a una movilidad segura para todas las personas que transiten en territorio mexiquense, mediante acciones y medidas orientadas a proteger la vida y la integridad de peatones, ciclistas, motociclistas y conductores, promoviendo condiciones de equidad en el uso de la v\u00eda p\u00fablica.<\/p>\n","protected":false},"excerpt":{"rendered":"<p>-Se pretende promover la educaci\u00f3n vial y la regularizaci\u00f3n voluntaria sin afectar la econom\u00eda de los conductores. Con el objetivo de garantizar una movilidad segura para las y los mexiquenses, el Gobierno del Estado de M\u00e9xico impuls\u00f3 la reforma al Reglamento de Tr\u00e1nsito de la entidad, elimina multas fijas y sustituye por rangos de m\u00ednimo, [&hellip;]<\/p>\n","protected":false},"author":1,"featured_media":95915,"comment_status":"closed","ping_status":"closed","sticky":false,"template":"","format":"standard","meta":{"footnotes":""},"categories":[36],"tags":[],"class_list":["post-95912","post","type-post","status-publish","format-standard","has-post-thumbnail","hentry","category-edomex"],"_links":{"self":[{"href":"https:\/\/elinformante.mx\/index.php?rest_route=\/wp\/v2\/posts\/95912","targetHints":{"allow":["GET"]}}],"collection":[{"href":"https:\/\/elinformante.mx\/index.php?rest_route=\/wp\/v2\/posts"}],"about":[{"href":"https:\/\/elinformante.mx\/index.php?rest_route=\/wp\/v2\/types\/post"}],"author":[{"embeddable":true,"href":"https:\/\/elinformante.mx\/index.php?rest_route=\/wp\/v2\/users\/1"}],"replies":[{"embeddable":true,"href":"https:\/\/elinformante.mx\/index.php?rest_route=%2Fwp%2Fv2%2Fcomments&post=95912"}],"version-history":[{"count":0,"href":"https:\/\/elinformante.mx\/index.php?rest_route=\/wp\/v2\/posts\/95912\/revisions"}],"wp:featuredmedia":[{"embeddable":true,"href":"https:\/\/elinformante.mx\/index.php?rest_route=\/wp\/v2\/media\/95915"}],"wp:attachment":[{"href":"https:\/\/elinformante.mx\/index.php?rest_route=%2Fwp%2Fv2%2Fmedia&parent=95912"}],"wp:term":[{"taxonomy":"category","embeddable":true,"href":"https:\/\/elinformante.mx\/index.php?rest_route=%2Fwp%2Fv2%2Fcategories&post=95912"},{"taxonomy":"post_tag","embeddable":true,"href":"https:\/\/elinformante.mx\/index.php?rest_route=%2Fwp%2Fv2%2Ftags&post=95912"}],"curies":[{"name":"wp","href":"https:\/\/api.w.org\/{rel}","templated":true}]}}