{"id":95932,"date":"2025-11-12T06:54:27","date_gmt":"2025-11-12T12:54:27","guid":{"rendered":"https:\/\/elinformante.mx\/?p=95932"},"modified":"2025-11-12T06:54:37","modified_gmt":"2025-11-12T12:54:37","slug":"activan-centros-de-acopio-de-cempasuchil-en-parque-ecologico-de-xochimilco-y-centros-de-cultura-ambiental","status":"publish","type":"post","link":"https:\/\/elinformante.mx\/?p=95932","title":{"rendered":"Activan centros de acopio de cempas\u00fachil en Parque Ecol\u00f3gico de Xochimilco y Centros de Cultura Ambiental"},"content":{"rendered":"\n<figure class=\"wp-block-pullquote\"><blockquote><p>-Los centros de acopio recibir\u00e1n flores en maceta, p\u00e9talos, tallos o solo flores. La iniciativa busca la participaci\u00f3n comunitaria en un modelo de sustentabilidad.<\/p><\/blockquote><\/figure>\n\n\n\n<p class=\"has-drop-cap\">La Sedema activ\u00f3 centros de acopio de cempas\u00fachil en el Parque Ecol\u00f3gico de Xochimilco (PEX), del 8 al 31 de noviembre, y los Centros de Cultura Ambiental (CCA) Acuexcomatl, Ecoguardas y Yautlica con el objetivo de seguir fomentando la cultura del reciclaje y evitar la generaci\u00f3n de residuos en la Ciudad de M\u00e9xico.<br><\/p>\n\n\n\n<p>Las y los capitalinos podr\u00e1n llevar sus macetas con tierra y planta completa o solo los p\u00e9talos, tallos o flores en el PEX de martes a domingo de 10:00 a 16:00 horas. El centro de acopio estar\u00e1 ubicado en la caseta 1 en la zona del estacionamiento del Parque Ecol\u00f3gico de Xochimilco, ubicado en Anillo Perif\u00e9rico 1, Ci\u00e9nega Grande, Xochimilco, 16036, Ciudad de M\u00e9xico.<br><\/p>\n\n\n\n<p>El material org\u00e1nico como las flores, p\u00e9talos y tallos se someten a revisi\u00f3n y se trituran para ser utilizados como compostaje en la zona del invernadero y chinampas, actividad que brinda nutrientes a los suelos. Asimismo, el resto de materiales como maceta y tierra ser\u00e1n empleados en los talleres de educaci\u00f3n ambiental.<br><\/p>\n\n\n\n<p>Durante los acopios, se han recibido m\u00e1s de cien macetas de cempas\u00fachil que son tra\u00eddas por empresas o incluso vecinas y vecinos de unidades habitacionales, quienes se organizan para trasladarlas en un mismo veh\u00edculo todas las plantas. Entre 2023 y 2024 se recibieron alrededor de 700 macetas, adem\u00e1s de flores y p\u00e9talos.<br><\/p>\n\n\n\n<p>Por su parte, los CCA Acuexcomatl, Ecoguardas y Yautlica recibir\u00e1n las flores para darles una segunda vida del 7 al 16 de noviembre en un horario de lunes a domingo de 9:00 a 15:00 horas.<br><\/p>\n\n\n\n<p>Esta actividad forma parte de las estrategias promovidas por el Gobierno de la Ciudad de M\u00e9xico, encabezado por Clara Brugada Molina, a trav\u00e9s de la Sedema, que busca hacer de la capital una con un modelo de sustentabilidad y participaci\u00f3n comunitaria.<\/p>\n","protected":false},"excerpt":{"rendered":"<p>-Los centros de acopio recibir\u00e1n flores en maceta, p\u00e9talos, tallos o solo flores. La iniciativa busca la participaci\u00f3n comunitaria en un modelo de sustentabilidad. La Sedema activ\u00f3 centros de acopio de cempas\u00fachil en el Parque Ecol\u00f3gico de Xochimilco (PEX), del 8 al 31 de noviembre, y los Centros de Cultura Ambiental (CCA) Acuexcomatl, Ecoguardas y [&hellip;]<\/p>\n","protected":false},"author":1,"featured_media":95935,"comment_status":"closed","ping_status":"closed","sticky":false,"template":"","format":"standard","meta":{"footnotes":""},"categories":[35],"tags":[],"class_list":["post-95932","post","type-post","status-publish","format-standard","has-post-thumbnail","hentry","category-cdmx"],"_links":{"self":[{"href":"https:\/\/elinformante.mx\/index.php?rest_route=\/wp\/v2\/posts\/95932","targetHints":{"allow":["GET"]}}],"collection":[{"href":"https:\/\/elinformante.mx\/index.php?rest_route=\/wp\/v2\/posts"}],"about":[{"href":"https:\/\/elinformante.mx\/index.php?rest_route=\/wp\/v2\/types\/post"}],"author":[{"embeddable":true,"href":"https:\/\/elinformante.mx\/index.php?rest_route=\/wp\/v2\/users\/1"}],"replies":[{"embeddable":true,"href":"https:\/\/elinformante.mx\/index.php?rest_route=%2Fwp%2Fv2%2Fcomments&post=95932"}],"version-history":[{"count":0,"href":"https:\/\/elinformante.mx\/index.php?rest_route=\/wp\/v2\/posts\/95932\/revisions"}],"wp:featuredmedia":[{"embeddable":true,"href":"https:\/\/elinformante.mx\/index.php?rest_route=\/wp\/v2\/media\/95935"}],"wp:attachment":[{"href":"https:\/\/elinformante.mx\/index.php?rest_route=%2Fwp%2Fv2%2Fmedia&parent=95932"}],"wp:term":[{"taxonomy":"category","embeddable":true,"href":"https:\/\/elinformante.mx\/index.php?rest_route=%2Fwp%2Fv2%2Fcategories&post=95932"},{"taxonomy":"post_tag","embeddable":true,"href":"https:\/\/elinformante.mx\/index.php?rest_route=%2Fwp%2Fv2%2Ftags&post=95932"}],"curies":[{"name":"wp","href":"https:\/\/api.w.org\/{rel}","templated":true}]}}