{"id":95934,"date":"2025-11-12T06:59:52","date_gmt":"2025-11-12T12:59:52","guid":{"rendered":"https:\/\/elinformante.mx\/?p=95934"},"modified":"2025-11-12T07:00:00","modified_gmt":"2025-11-12T13:00:00","slug":"evelyn-salgado-recibe-en-guerrero-a-la-comisionada-nacional-de-busqueda-de-personas","status":"publish","type":"post","link":"https:\/\/elinformante.mx\/?p=95934","title":{"rendered":"Evelyn Salgado recibe en Guerrero a la Comisionada Nacional de B\u00fasqueda de Personas"},"content":{"rendered":"\n<figure class=\"wp-block-pullquote\"><blockquote><p>-Suman esfuerzos para la atenci\u00f3n y b\u00fasqueda de personas desaparecidas en Guerrero<\/p><\/blockquote><\/figure>\n\n\n\n<p class=\"has-drop-cap\">En la ruta de seguir reforzando la coordinaci\u00f3n en las acciones de atenci\u00f3n, acompa\u00f1amiento y b\u00fasqueda de personas desaparecidas en Guerrero, la gobernadora Evelyn Salgado Pineda sostuvo una reuni\u00f3n con la Comisionada Nacional de B\u00fasqueda de Personas, Martha Lidia P\u00e9rez Gumecindo.<br><\/p>\n\n\n\n<figure class=\"wp-block-image size-large\"><img fetchpriority=\"high\" decoding=\"async\" width=\"1024\" height=\"506\" src=\"https:\/\/elinformante.mx\/wp-content\/uploads\/2025\/11\/4evelyn-1024x506.jpg\" alt=\"\" class=\"wp-image-95940\" srcset=\"https:\/\/elinformante.mx\/wp-content\/uploads\/2025\/11\/4evelyn-1024x506.jpg 1024w, https:\/\/elinformante.mx\/wp-content\/uploads\/2025\/11\/4evelyn-300x148.jpg 300w, https:\/\/elinformante.mx\/wp-content\/uploads\/2025\/11\/4evelyn-768x379.jpg 768w, https:\/\/elinformante.mx\/wp-content\/uploads\/2025\/11\/4evelyn.jpg 1140w\" sizes=\"(max-width: 1024px) 100vw, 1024px\" \/><\/figure>\n\n\n\n<p>En la reuni\u00f3n, se analizaron las diversas acciones que se han implementado y seguir avanzando de manera conjunta para fortalecer los mecanismos institucionales, siempre con un enfoque humano, sensible y de respeto absoluto a las familias.<br><\/p>\n\n\n\n<p>En el encuentro estuvieron presentes la Presidenta de la Comisi\u00f3n de Derechos Humanos del Estado, Cecilia Narciso Gayt\u00e1n; el Comisionado Estatal de B\u00fasqueda de Personas, Alejandro Garc\u00eda Solorio y el Subsecretario de Desarrollo Pol\u00edtico y Social de la Secretar\u00eda General de Gobierno, Francisco Rodr\u00edguez Cisneros.<\/p>\n","protected":false},"excerpt":{"rendered":"<p>-Suman esfuerzos para la atenci\u00f3n y b\u00fasqueda de personas desaparecidas en Guerrero En la ruta de seguir reforzando la coordinaci\u00f3n en las acciones de atenci\u00f3n, acompa\u00f1amiento y b\u00fasqueda de personas desaparecidas en Guerrero, la gobernadora Evelyn Salgado Pineda sostuvo una reuni\u00f3n con la Comisionada Nacional de B\u00fasqueda de Personas, Martha Lidia P\u00e9rez Gumecindo. En la [&hellip;]<\/p>\n","protected":false},"author":1,"featured_media":95939,"comment_status":"closed","ping_status":"closed","sticky":false,"template":"","format":"standard","meta":{"footnotes":""},"categories":[34],"tags":[],"class_list":["post-95934","post","type-post","status-publish","format-standard","has-post-thumbnail","hentry","category-nacional"],"_links":{"self":[{"href":"https:\/\/elinformante.mx\/index.php?rest_route=\/wp\/v2\/posts\/95934","targetHints":{"allow":["GET"]}}],"collection":[{"href":"https:\/\/elinformante.mx\/index.php?rest_route=\/wp\/v2\/posts"}],"about":[{"href":"https:\/\/elinformante.mx\/index.php?rest_route=\/wp\/v2\/types\/post"}],"author":[{"embeddable":true,"href":"https:\/\/elinformante.mx\/index.php?rest_route=\/wp\/v2\/users\/1"}],"replies":[{"embeddable":true,"href":"https:\/\/elinformante.mx\/index.php?rest_route=%2Fwp%2Fv2%2Fcomments&post=95934"}],"version-history":[{"count":0,"href":"https:\/\/elinformante.mx\/index.php?rest_route=\/wp\/v2\/posts\/95934\/revisions"}],"wp:featuredmedia":[{"embeddable":true,"href":"https:\/\/elinformante.mx\/index.php?rest_route=\/wp\/v2\/media\/95939"}],"wp:attachment":[{"href":"https:\/\/elinformante.mx\/index.php?rest_route=%2Fwp%2Fv2%2Fmedia&parent=95934"}],"wp:term":[{"taxonomy":"category","embeddable":true,"href":"https:\/\/elinformante.mx\/index.php?rest_route=%2Fwp%2Fv2%2Fcategories&post=95934"},{"taxonomy":"post_tag","embeddable":true,"href":"https:\/\/elinformante.mx\/index.php?rest_route=%2Fwp%2Fv2%2Ftags&post=95934"}],"curies":[{"name":"wp","href":"https:\/\/api.w.org\/{rel}","templated":true}]}}