{"id":95950,"date":"2025-11-12T07:37:36","date_gmt":"2025-11-12T13:37:36","guid":{"rendered":"https:\/\/elinformante.mx\/?p=95950"},"modified":"2025-11-12T07:37:43","modified_gmt":"2025-11-12T13:37:43","slug":"amurallan-palacio-nacional-ante-marcha-del-15-de-noviembre","status":"publish","type":"post","link":"https:\/\/elinformante.mx\/?p=95950","title":{"rendered":"AMURALLAN PALACIO NACIONAL ANTE MARCHA DEL 15 DE NOVIEMBRE"},"content":{"rendered":"\n<figure class=\"wp-block-pullquote\"><blockquote><p>-La colocaci\u00f3n de vallas met\u00e1licas de casi tres metros de altura alrededor del Palacio Nacional se dan ante la marcha de la \u201cGeneraci\u00f3n Z\u201d y las movilizaciones de la CNTE.<\/p><\/blockquote><\/figure>\n\n\n\n<p class=\"has-drop-cap\">Trabajadores del Gobierno de la Ciudad de M\u00e9xico instalaron vallas met\u00e1licas alrededor de Palacio Nacional y la plancha del Z\u00f3calo capitalino.<br><\/p>\n\n\n\n<p>La colocaci\u00f3n de vallas met\u00e1licas se da d\u00edas antes de las manifestaciones convocada por integrantes del movimiento de la \u201cGeneraci\u00f3n Z\u201d, as\u00ed como por los maestros de la CNTE.<br><\/p>\n\n\n\n<p>Las estructuras fueron reforzadas con soldadura y bloquean accesos como las calles Moneda y Corregidora, adem\u00e1s de impedir el paso hacia la Catedral Metropolitana.<br><\/p>\n\n\n\n<figure class=\"wp-block-image size-large\"><img fetchpriority=\"high\" decoding=\"async\" width=\"1024\" height=\"506\" src=\"https:\/\/elinformante.mx\/wp-content\/uploads\/2025\/11\/9amurallan-2-1024x506.jpg\" alt=\"\" class=\"wp-image-95953\" srcset=\"https:\/\/elinformante.mx\/wp-content\/uploads\/2025\/11\/9amurallan-2-1024x506.jpg 1024w, https:\/\/elinformante.mx\/wp-content\/uploads\/2025\/11\/9amurallan-2-300x148.jpg 300w, https:\/\/elinformante.mx\/wp-content\/uploads\/2025\/11\/9amurallan-2-768x379.jpg 768w, https:\/\/elinformante.mx\/wp-content\/uploads\/2025\/11\/9amurallan-2.jpg 1140w\" sizes=\"(max-width: 1024px) 100vw, 1024px\" \/><\/figure>\n\n\n\n<p>La medida busca proteger el recinto hist\u00f3rico y la sede del Ejecutivo federal ante la protesta convocada por j\u00f3venes identificados como Generaci\u00f3n Z.<br><\/p>\n\n\n\n<p>Mientras que los maestros convocaron un paro de 48 horas los d\u00edas 13 y 14 de noviembre, los adultos j\u00f3venes saldr\u00e1n a las calles el s\u00e1bado 15 de noviembre en la Ciudad de M\u00e9xico.<br><\/p>\n\n\n\n<p>La marcha fue organizada de manera an\u00f3nima en redes sociales, con el objetivo de llegar al Z\u00f3calo y manifestarse frente a Palacio Nacional. Los organizadores han se\u00f1alado que no promover\u00e1n actos de vandalismo ni violencia, deslind\u00e1ndose de cualquier incidente que pudiera ocurrir.<br><\/p>\n\n\n\n<figure class=\"wp-block-image size-large\"><img decoding=\"async\" width=\"1024\" height=\"506\" src=\"https:\/\/elinformante.mx\/wp-content\/uploads\/2025\/11\/9amurallan-1024x506.jpg\" alt=\"\" class=\"wp-image-95954\" srcset=\"https:\/\/elinformante.mx\/wp-content\/uploads\/2025\/11\/9amurallan-1024x506.jpg 1024w, https:\/\/elinformante.mx\/wp-content\/uploads\/2025\/11\/9amurallan-300x148.jpg 300w, https:\/\/elinformante.mx\/wp-content\/uploads\/2025\/11\/9amurallan-768x379.jpg 768w, https:\/\/elinformante.mx\/wp-content\/uploads\/2025\/11\/9amurallan.jpg 1140w\" sizes=\"(max-width: 1024px) 100vw, 1024px\" \/><\/figure>\n\n\n\n<p>La protesta se replicar\u00e1 en m\u00faltiples ciudades del pa\u00eds, aunque la concentraci\u00f3n principal ser\u00e1 en la capital.<br><\/p>\n\n\n\n<p>El blindaje de Palacio Nacional con vallas met\u00e1licas se ha repetido en fechas de alta tensi\u00f3n social, como el 8 de marzo (8M) y el 2 de octubre, cuando las marchas han derivado en da\u00f1os a inmuebles hist\u00f3ricos. En esta ocasi\u00f3n, el despliegue de seguridad incluye decenas de polic\u00edas capitalinos y brigadas de trabajadores que cerraron accesos a la Plaza de la Constituci\u00f3n.<br><\/p>\n\n\n\n<p>En redes sociales, usuarios criticaron el amurallamiento con frases como \u201cAlguien tiene miedo\u201d, interpretando la medida como un signo de temor del gobierno ante la movilizaci\u00f3n juvenil.<\/p>\n","protected":false},"excerpt":{"rendered":"<p>-La colocaci\u00f3n de vallas met\u00e1licas de casi tres metros de altura alrededor del Palacio Nacional se dan ante la marcha de la \u201cGeneraci\u00f3n Z\u201d y las movilizaciones de la CNTE. Trabajadores del Gobierno de la Ciudad de M\u00e9xico instalaron vallas met\u00e1licas alrededor de Palacio Nacional y la plancha del Z\u00f3calo capitalino. La colocaci\u00f3n de vallas [&hellip;]<\/p>\n","protected":false},"author":1,"featured_media":95952,"comment_status":"closed","ping_status":"closed","sticky":false,"template":"","format":"standard","meta":{"footnotes":""},"categories":[30,34,31],"tags":[47],"class_list":["post-95950","post","type-post","status-publish","format-standard","has-post-thumbnail","hentry","category-destacado","category-nacional","category-portada","tag-portadanacional"],"_links":{"self":[{"href":"https:\/\/elinformante.mx\/index.php?rest_route=\/wp\/v2\/posts\/95950","targetHints":{"allow":["GET"]}}],"collection":[{"href":"https:\/\/elinformante.mx\/index.php?rest_route=\/wp\/v2\/posts"}],"about":[{"href":"https:\/\/elinformante.mx\/index.php?rest_route=\/wp\/v2\/types\/post"}],"author":[{"embeddable":true,"href":"https:\/\/elinformante.mx\/index.php?rest_route=\/wp\/v2\/users\/1"}],"replies":[{"embeddable":true,"href":"https:\/\/elinformante.mx\/index.php?rest_route=%2Fwp%2Fv2%2Fcomments&post=95950"}],"version-history":[{"count":0,"href":"https:\/\/elinformante.mx\/index.php?rest_route=\/wp\/v2\/posts\/95950\/revisions"}],"wp:featuredmedia":[{"embeddable":true,"href":"https:\/\/elinformante.mx\/index.php?rest_route=\/wp\/v2\/media\/95952"}],"wp:attachment":[{"href":"https:\/\/elinformante.mx\/index.php?rest_route=%2Fwp%2Fv2%2Fmedia&parent=95950"}],"wp:term":[{"taxonomy":"category","embeddable":true,"href":"https:\/\/elinformante.mx\/index.php?rest_route=%2Fwp%2Fv2%2Fcategories&post=95950"},{"taxonomy":"post_tag","embeddable":true,"href":"https:\/\/elinformante.mx\/index.php?rest_route=%2Fwp%2Fv2%2Ftags&post=95950"}],"curies":[{"name":"wp","href":"https:\/\/api.w.org\/{rel}","templated":true}]}}