{"id":95964,"date":"2025-11-13T05:15:33","date_gmt":"2025-11-13T11:15:33","guid":{"rendered":"https:\/\/elinformante.mx\/?p=95964"},"modified":"2025-11-13T05:15:36","modified_gmt":"2025-11-13T11:15:36","slug":"afirma-rubiales-que-jenni-hermoso-no-rechazo-ser-besada","status":"publish","type":"post","link":"https:\/\/elinformante.mx\/?p=95964","title":{"rendered":"Afirma Rubiales que Jenni Hermoso no rechaz\u00f3 ser besada"},"content":{"rendered":"\n<figure class=\"wp-block-pullquote\"><blockquote><p>-\u201dNo pido perd\u00f3n a Jenni Hermoso porque yo le pregunt\u00e9 y me dijo \u2018vale\u2019\u201d<\/p><\/blockquote><\/figure>\n\n\n\n<p class=\"has-drop-cap\">Luis Rubiales, expresidente de la Federaci\u00f3n Espa\u00f1ola de F\u00fatbol (RFEF), asegur\u00f3 que no va a pedir perd\u00f3n a la internacional Jenni Hermoso; mantuvo que ha recurrido ante el Supremo por la sentencia que le conden\u00f3, tras ser se\u00f1alado de besar a la futbolista, y porque piensa que no es una agresi\u00f3n sexual.<br><\/p>\n\n\n\n<p>\u201cComo presidente ten\u00eda que haber estado m\u00e1s fr\u00edo, m\u00e1s institucional. No pido perd\u00f3n a Jenni Hermoso porque yo le pregunt\u00e9 y ella me dijo \u2018Vale\u2019. Jenni y yo sabemos que lo que dice la sentencia no es as\u00ed. No voy a cambiar mi primer testimonio como ha hecho ella. Fue un beso de emoci\u00f3n, sin ninguna connotaci\u00f3n sexual. Jenni era una buena amiga, fall\u00f3 un penalti\u2026 nos ayud\u00f3 mucho en la recomposici\u00f3n del equipo. Jenni era mi amiga\u201d, dijo.<br><\/p>\n\n\n\n<figure class=\"wp-block-image size-large\"><img fetchpriority=\"high\" decoding=\"async\" width=\"1024\" height=\"506\" src=\"https:\/\/elinformante.mx\/wp-content\/uploads\/2025\/11\/14afirma-1024x506.jpg\" alt=\"\" class=\"wp-image-95968\" srcset=\"https:\/\/elinformante.mx\/wp-content\/uploads\/2025\/11\/14afirma-1024x506.jpg 1024w, https:\/\/elinformante.mx\/wp-content\/uploads\/2025\/11\/14afirma-300x148.jpg 300w, https:\/\/elinformante.mx\/wp-content\/uploads\/2025\/11\/14afirma-768x379.jpg 768w, https:\/\/elinformante.mx\/wp-content\/uploads\/2025\/11\/14afirma.jpg 1140w\" sizes=\"(max-width: 1024px) 100vw, 1024px\" \/><\/figure>\n\n\n\n<p>El ex dirigente presentar\u00e1 su libro \u201cMatar a Rubiales\u201d, y consider\u00f3 que tiene argumentos para decir que hubo un acto equivocado, pero no un delito; denunci\u00f3 que lo que se mont\u00f3 despu\u00e9s fue de manera desorbitada y distorsionada con unos intereses.<br><\/p>\n\n\n\n<p>Condenado a pagar 10.800 euros por un delito de agresi\u00f3n sexual y suspendido por la FIFA durante tres a\u00f1os desde agosto de 2023 por su comportamiento en la final del Mundial femenino de ese a\u00f1o en Sidney y el beso a la jugadora en la entrega de medallas, Rubiales explic\u00f3 que su objetivo ahora es limpiar su imagen.<\/p>\n","protected":false},"excerpt":{"rendered":"<p>-\u201dNo pido perd\u00f3n a Jenni Hermoso porque yo le pregunt\u00e9 y me dijo \u2018vale\u2019\u201d Luis Rubiales, expresidente de la Federaci\u00f3n Espa\u00f1ola de F\u00fatbol (RFEF), asegur\u00f3 que no va a pedir perd\u00f3n a la internacional Jenni Hermoso; mantuvo que ha recurrido ante el Supremo por la sentencia que le conden\u00f3, tras ser se\u00f1alado de besar a [&hellip;]<\/p>\n","protected":false},"author":1,"featured_media":95967,"comment_status":"closed","ping_status":"closed","sticky":false,"template":"","format":"standard","meta":{"footnotes":""},"categories":[38],"tags":[],"class_list":["post-95964","post","type-post","status-publish","format-standard","has-post-thumbnail","hentry","category-deportes"],"_links":{"self":[{"href":"https:\/\/elinformante.mx\/index.php?rest_route=\/wp\/v2\/posts\/95964","targetHints":{"allow":["GET"]}}],"collection":[{"href":"https:\/\/elinformante.mx\/index.php?rest_route=\/wp\/v2\/posts"}],"about":[{"href":"https:\/\/elinformante.mx\/index.php?rest_route=\/wp\/v2\/types\/post"}],"author":[{"embeddable":true,"href":"https:\/\/elinformante.mx\/index.php?rest_route=\/wp\/v2\/users\/1"}],"replies":[{"embeddable":true,"href":"https:\/\/elinformante.mx\/index.php?rest_route=%2Fwp%2Fv2%2Fcomments&post=95964"}],"version-history":[{"count":0,"href":"https:\/\/elinformante.mx\/index.php?rest_route=\/wp\/v2\/posts\/95964\/revisions"}],"wp:featuredmedia":[{"embeddable":true,"href":"https:\/\/elinformante.mx\/index.php?rest_route=\/wp\/v2\/media\/95967"}],"wp:attachment":[{"href":"https:\/\/elinformante.mx\/index.php?rest_route=%2Fwp%2Fv2%2Fmedia&parent=95964"}],"wp:term":[{"taxonomy":"category","embeddable":true,"href":"https:\/\/elinformante.mx\/index.php?rest_route=%2Fwp%2Fv2%2Fcategories&post=95964"},{"taxonomy":"post_tag","embeddable":true,"href":"https:\/\/elinformante.mx\/index.php?rest_route=%2Fwp%2Fv2%2Ftags&post=95964"}],"curies":[{"name":"wp","href":"https:\/\/api.w.org\/{rel}","templated":true}]}}