{"id":95973,"date":"2025-11-13T05:25:47","date_gmt":"2025-11-13T11:25:47","guid":{"rendered":"https:\/\/elinformante.mx\/?p=95973"},"modified":"2025-11-13T05:25:51","modified_gmt":"2025-11-13T11:25:51","slug":"entrega-ana-muniz-neyra-nuevas-unidades-moviles-al-dif-de-san-mateo-atenco","status":"publish","type":"post","link":"https:\/\/elinformante.mx\/?p=95973","title":{"rendered":"Entrega Ana Mu\u00f1iz Neyra nuevas unidades m\u00f3viles al DIF de San Mateo Atenco"},"content":{"rendered":"\n<figure class=\"wp-block-pullquote\"><blockquote><p>Con la Unidad M\u00f3vil Salud en tu Barrio, el gobierno municipal de San Mateo Atenco acerca la atenci\u00f3n m\u00e9dica gratuita del \u201cSeguro S\u00ed\u201d a todo el municipio.<\/p><\/blockquote><\/figure>\n\n\n\n<p class=\"has-drop-cap\">La presidenta municipal Ana Aurora Mu\u00f1iz Neyra hizo entrega de ocho veh\u00edculos utilitarios al Sistema Municipal DIF con las que se aumenta la capacidad de respuesta del organismo y se fortalecen las acciones de atenci\u00f3n social, m\u00e9dica y altruista en favor de las familias atenquenses.<br><\/p>\n\n\n\n<p>Durante su mensaje, la presidenta municipal subray\u00f3 la puesta en operaci\u00f3n de la Unidad M\u00f3vil \u201cSalud en tu barrio\u201d, porque significa una promesa cumplida: \u201ccon ella llevaremos los servicios del DIF hasta donde m\u00e1s se necesitan, para que las familias puedan disfrutar de una atenci\u00f3n gratuita, digna y de calidad.\u201d<br><\/p>\n\n\n\n<figure class=\"wp-block-image size-large\"><img fetchpriority=\"high\" decoding=\"async\" width=\"1024\" height=\"506\" src=\"https:\/\/elinformante.mx\/wp-content\/uploads\/2025\/11\/12mateo-2-1024x506.jpg\" alt=\"\" class=\"wp-image-95981\" srcset=\"https:\/\/elinformante.mx\/wp-content\/uploads\/2025\/11\/12mateo-2-1024x506.jpg 1024w, https:\/\/elinformante.mx\/wp-content\/uploads\/2025\/11\/12mateo-2-300x148.jpg 300w, https:\/\/elinformante.mx\/wp-content\/uploads\/2025\/11\/12mateo-2-768x379.jpg 768w, https:\/\/elinformante.mx\/wp-content\/uploads\/2025\/11\/12mateo-2.jpg 1140w\" sizes=\"(max-width: 1024px) 100vw, 1024px\" \/><\/figure>\n\n\n\n<p>Ana Mu\u00f1iz entreg\u00f3 tambi\u00e9n dos ambulancias adaptadas para el traslado de personas con discapacidad, de personas adultas mayores y ni\u00f1as y ni\u00f1os en situaci\u00f3n de vulnerabilidad, y otros tres veh\u00edculos operativos, uno de ellos para las actividades de la Procuradur\u00eda Municipal de Protecci\u00f3n de Ni\u00f1as, Ni\u00f1os y Adolescentes.<br><\/p>\n\n\n\n<p>Asimismo, la Brigada Plateada, especializada en la atenci\u00f3n, rescate y traslado de personas adultas mayores en situaci\u00f3n de vulnerabilidad, recibi\u00f3 una unidad que fortalece su labor en materia de cuidado, protecci\u00f3n y respeto pleno para las personas adultas mayores, reconociendo su dignidad y su derecho a la seguridad y al bienestar.<br><\/p>\n\n\n\n<p>Con la presencia del presidente honorario del Sistema Municipal DIF, \u00d3scar Felipe Mu\u00f1iz Maynez, tambi\u00e9n se entreg\u00f3 un veh\u00edculo destinado al transporte de apoyos, donaciones e implementos que fortalecen la capacidad operativa de la instituci\u00f3n y facilitan el cumplimiento de su misi\u00f3n social: atender con eficiencia y cercan\u00eda a quienes m\u00e1s lo necesitan.<\/p>\n","protected":false},"excerpt":{"rendered":"<p>Con la Unidad M\u00f3vil Salud en tu Barrio, el gobierno municipal de San Mateo Atenco acerca la atenci\u00f3n m\u00e9dica gratuita del \u201cSeguro S\u00ed\u201d a todo el municipio. La presidenta municipal Ana Aurora Mu\u00f1iz Neyra hizo entrega de ocho veh\u00edculos utilitarios al Sistema Municipal DIF con las que se aumenta la capacidad de respuesta del organismo [&hellip;]<\/p>\n","protected":false},"author":1,"featured_media":95980,"comment_status":"closed","ping_status":"closed","sticky":false,"template":"","format":"standard","meta":{"footnotes":""},"categories":[30,36],"tags":[],"class_list":["post-95973","post","type-post","status-publish","format-standard","has-post-thumbnail","hentry","category-destacado","category-edomex"],"_links":{"self":[{"href":"https:\/\/elinformante.mx\/index.php?rest_route=\/wp\/v2\/posts\/95973","targetHints":{"allow":["GET"]}}],"collection":[{"href":"https:\/\/elinformante.mx\/index.php?rest_route=\/wp\/v2\/posts"}],"about":[{"href":"https:\/\/elinformante.mx\/index.php?rest_route=\/wp\/v2\/types\/post"}],"author":[{"embeddable":true,"href":"https:\/\/elinformante.mx\/index.php?rest_route=\/wp\/v2\/users\/1"}],"replies":[{"embeddable":true,"href":"https:\/\/elinformante.mx\/index.php?rest_route=%2Fwp%2Fv2%2Fcomments&post=95973"}],"version-history":[{"count":0,"href":"https:\/\/elinformante.mx\/index.php?rest_route=\/wp\/v2\/posts\/95973\/revisions"}],"wp:featuredmedia":[{"embeddable":true,"href":"https:\/\/elinformante.mx\/index.php?rest_route=\/wp\/v2\/media\/95980"}],"wp:attachment":[{"href":"https:\/\/elinformante.mx\/index.php?rest_route=%2Fwp%2Fv2%2Fmedia&parent=95973"}],"wp:term":[{"taxonomy":"category","embeddable":true,"href":"https:\/\/elinformante.mx\/index.php?rest_route=%2Fwp%2Fv2%2Fcategories&post=95973"},{"taxonomy":"post_tag","embeddable":true,"href":"https:\/\/elinformante.mx\/index.php?rest_route=%2Fwp%2Fv2%2Ftags&post=95973"}],"curies":[{"name":"wp","href":"https:\/\/api.w.org\/{rel}","templated":true}]}}