{"id":95979,"date":"2025-11-13T05:28:32","date_gmt":"2025-11-13T11:28:32","guid":{"rendered":"https:\/\/elinformante.mx\/?p=95979"},"modified":"2025-11-13T05:28:35","modified_gmt":"2025-11-13T11:28:35","slug":"se-han-entregado-en-metepec-mas-de-5-mil-canastas-alimentarias-fernando-flores","status":"publish","type":"post","link":"https:\/\/elinformante.mx\/?p=95979","title":{"rendered":"Se han entregado en Metepec m\u00e1s de 5 mil canastas alimentarias: Fernando Flores"},"content":{"rendered":"\n<figure class=\"wp-block-pullquote\"><blockquote><p>Se\u00f1al\u00f3 ante vecinas y vecinos que una de sus principales prioridades en su gobierno es apostar por el n\u00facleo familiar.<\/p><\/blockquote><\/figure>\n\n\n\n<p class=\"has-drop-cap\">El presidente municipal de Metepec, Fernando Flores Fern\u00e1ndez, contin\u00faa con la entrega de canastas alimentarias del programa CASAFF , el cual est\u00e1 pensado de manera principal para apoyar a la poblaci\u00f3n vulnerable y su alimentaci\u00f3n.<br><\/p>\n\n\n\n<p>Durante la semana, Flores Fern\u00e1ndez ha encabezado la entrega de m\u00e1s de 5 mil canastas alimentarias en diversas comunidades de este municipio.<br><\/p>\n\n\n\n<p>Solamente el martes pasado, se hizo entrega de m\u00e1s de tres mil canastas a las familias de la cabecera municipal, en un evento realizado en la Plaza Ju\u00e1rez.<br><\/p>\n\n\n\n<p>Durante la entrega, Flores Fern\u00e1ndez se\u00f1al\u00f3 ante vecinas y vecinos que una de sus principales prioridades en su gobierno es apostar por el n\u00facleo familiar.<br><\/p>\n\n\n\n<figure class=\"wp-block-image size-large\"><img fetchpriority=\"high\" decoding=\"async\" width=\"1024\" height=\"506\" src=\"https:\/\/elinformante.mx\/wp-content\/uploads\/2025\/11\/11metepec-2-3-1024x506.jpg\" alt=\"\" class=\"wp-image-95984\" srcset=\"https:\/\/elinformante.mx\/wp-content\/uploads\/2025\/11\/11metepec-2-3-1024x506.jpg 1024w, https:\/\/elinformante.mx\/wp-content\/uploads\/2025\/11\/11metepec-2-3-300x148.jpg 300w, https:\/\/elinformante.mx\/wp-content\/uploads\/2025\/11\/11metepec-2-3-768x379.jpg 768w, https:\/\/elinformante.mx\/wp-content\/uploads\/2025\/11\/11metepec-2-3.jpg 1140w\" sizes=\"(max-width: 1024px) 100vw, 1024px\" \/><\/figure>\n\n\n\n<p>Recalc\u00f3 que su gobierno continuar\u00e1 trabajando para garantizar apoyos a los sectores que m\u00e1s lo necesitan, apoyados por el DIF Metepec, encabezado por la presidenta Ira\u00ed Albarr\u00e1n.<br><\/p>\n\n\n\n<p>Durante la semana se han hecho entregas de las canastas en las comunidades de:<br><\/p>\n\n\n\n<p>San Jer\u00f3nimo, Fracc. Casa Blanca, Los Pilares, U.H. Tollocan II, Col. Agr\u00edcola Francisco I. Madero y San Jer\u00f3nimo Chicahualco.<br><\/p>\n\n\n\n<p>En estas se hicieron entrega de m\u00e1s de 2800 despensas; las cuales, como se ha mencionado antes, contienen 23 productos de la canasta b\u00e1sica, de excelente calidad, que incluyen sopas, frijoles, lentejas, az\u00facar, caf\u00e9, arroz, entre otros, productos seleccionados para garantizar una alimentaci\u00f3n saludable y nutritiva.<br><\/p>\n\n\n\n<p>Record\u00f3 que la meta es llegar a 120 mil canastas alimentarias, compromiso adquirido para apoyar y mejorar la calidad de vida de la poblaci\u00f3n, sobre todo aquella que enfrenta dificultades econ\u00f3micas, por lo que se continuar\u00e1n entregando m\u00e1s canastas alimentarias en las diferentes localidades de Metepec.<\/p>\n","protected":false},"excerpt":{"rendered":"<p>Se\u00f1al\u00f3 ante vecinas y vecinos que una de sus principales prioridades en su gobierno es apostar por el n\u00facleo familiar. El presidente municipal de Metepec, Fernando Flores Fern\u00e1ndez, contin\u00faa con la entrega de canastas alimentarias del programa CASAFF , el cual est\u00e1 pensado de manera principal para apoyar a la poblaci\u00f3n vulnerable y su alimentaci\u00f3n. [&hellip;]<\/p>\n","protected":false},"author":1,"featured_media":95983,"comment_status":"closed","ping_status":"closed","sticky":false,"template":"","format":"standard","meta":{"footnotes":""},"categories":[36],"tags":[],"class_list":["post-95979","post","type-post","status-publish","format-standard","has-post-thumbnail","hentry","category-edomex"],"_links":{"self":[{"href":"https:\/\/elinformante.mx\/index.php?rest_route=\/wp\/v2\/posts\/95979","targetHints":{"allow":["GET"]}}],"collection":[{"href":"https:\/\/elinformante.mx\/index.php?rest_route=\/wp\/v2\/posts"}],"about":[{"href":"https:\/\/elinformante.mx\/index.php?rest_route=\/wp\/v2\/types\/post"}],"author":[{"embeddable":true,"href":"https:\/\/elinformante.mx\/index.php?rest_route=\/wp\/v2\/users\/1"}],"replies":[{"embeddable":true,"href":"https:\/\/elinformante.mx\/index.php?rest_route=%2Fwp%2Fv2%2Fcomments&post=95979"}],"version-history":[{"count":0,"href":"https:\/\/elinformante.mx\/index.php?rest_route=\/wp\/v2\/posts\/95979\/revisions"}],"wp:featuredmedia":[{"embeddable":true,"href":"https:\/\/elinformante.mx\/index.php?rest_route=\/wp\/v2\/media\/95983"}],"wp:attachment":[{"href":"https:\/\/elinformante.mx\/index.php?rest_route=%2Fwp%2Fv2%2Fmedia&parent=95979"}],"wp:term":[{"taxonomy":"category","embeddable":true,"href":"https:\/\/elinformante.mx\/index.php?rest_route=%2Fwp%2Fv2%2Fcategories&post=95979"},{"taxonomy":"post_tag","embeddable":true,"href":"https:\/\/elinformante.mx\/index.php?rest_route=%2Fwp%2Fv2%2Ftags&post=95979"}],"curies":[{"name":"wp","href":"https:\/\/api.w.org\/{rel}","templated":true}]}}