{"id":95982,"date":"2025-11-13T05:55:34","date_gmt":"2025-11-13T11:55:34","guid":{"rendered":"https:\/\/elinformante.mx\/?p=95982"},"modified":"2025-11-13T05:55:37","modified_gmt":"2025-11-13T11:55:37","slug":"suteymistas-reciben-becas-escolares-2","status":"publish","type":"post","link":"https:\/\/elinformante.mx\/?p=95982","title":{"rendered":"SUTEYMISTAS reciben becas escolares"},"content":{"rendered":"\n<figure class=\"wp-block-pullquote\"><blockquote><p>El dirigente sindical reconoci\u00f3 la perseverancia, esfuerzo y ejemplo de las y los beneficiarios.<\/p><\/blockquote><\/figure>\n\n\n\n<p class=\"has-drop-cap\">\u201cLa instrucci\u00f3n acad\u00e9mica debe de ser siempre empleada para el beneficio de nuestro pr\u00f3jimo, de nuestra familia. Cuando se tiene el conocimiento, debe de ser uno m\u00e1s emp\u00e1tico con quienes tenemos enfrente\u201d, expres\u00f3 Herminio Cahue Calder\u00f3n, secretario general del Suteym, al presidir la entrega de becas escolares a personas servidoras p\u00fablicas por estudios de preparatoria, licenciatura, maestr\u00eda y doctorado, ciclo escolar 2023-2024.<br><\/p>\n\n\n\n<p>El dirigente sindical reconoci\u00f3 la perseverancia, esfuerzo y ejemplo de las y los beneficiarios; destac\u00f3 que quienes estudian y trabajan se enfrentan a dificultades y desaf\u00edos, que una vez superados representan progreso y grandes logros.<br><\/p>\n\n\n\n<figure class=\"wp-block-image size-large\"><img fetchpriority=\"high\" decoding=\"async\" width=\"1024\" height=\"506\" src=\"https:\/\/elinformante.mx\/wp-content\/uploads\/2025\/11\/10suteym-1024x506.jpg\" alt=\"\" class=\"wp-image-95990\" srcset=\"https:\/\/elinformante.mx\/wp-content\/uploads\/2025\/11\/10suteym-1024x506.jpg 1024w, https:\/\/elinformante.mx\/wp-content\/uploads\/2025\/11\/10suteym-300x148.jpg 300w, https:\/\/elinformante.mx\/wp-content\/uploads\/2025\/11\/10suteym-768x379.jpg 768w, https:\/\/elinformante.mx\/wp-content\/uploads\/2025\/11\/10suteym.jpg 1140w\" sizes=\"(max-width: 1024px) 100vw, 1024px\" \/><\/figure>\n\n\n\n<p>Herminio Cahue refiri\u00f3 que esta prestaci\u00f3n genera mejores condiciones de vida para las y los suteymistas y sus familias; en este sentido, se\u00f1al\u00f3 que el Convenio de Sueldos y Prestaciones 2025, firmado con el Gobierno del Estado de M\u00e9xico, fortalece de manera integral a la membres\u00eda y se origin\u00f3 gracias al esfuerzo colectivo, a la labor hist\u00f3rica del gremio y a la labor contin\u00faa de cada integrante.<br><\/p>\n\n\n\n<p>Lilia Esther Ju\u00e1rez Fonseca, secretaria de Capacitaci\u00f3n Laboral y Cultural, dio la bienvenida a las y los becarios. Manifest\u00f3 que esta es una oportunidad para distinguir y valorar el esmero de las y los agremiados, que han trabajado para mantener un buen promedio y ejercer sus funciones a cabalidad. Dijo que para el l\u00edder estatal apoyar la educaci\u00f3n continua es fundamental.<br><\/p>\n\n\n\n<p>Becarios expresaron su benepl\u00e1cito por recibir el est\u00edmulo, pues, dijeron, son impulso para continuar prepar\u00e1ndose en lo acad\u00e9mico, laboral y personal; asimismo, reconocieron el compromiso, liderazgo y labor de Herminio Cahue para defender los derechos laborales y fortalecer a la membres\u00eda.<\/p>\n","protected":false},"excerpt":{"rendered":"<p>El dirigente sindical reconoci\u00f3 la perseverancia, esfuerzo y ejemplo de las y los beneficiarios. \u201cLa instrucci\u00f3n acad\u00e9mica debe de ser siempre empleada para el beneficio de nuestro pr\u00f3jimo, de nuestra familia. Cuando se tiene el conocimiento, debe de ser uno m\u00e1s emp\u00e1tico con quienes tenemos enfrente\u201d, expres\u00f3 Herminio Cahue Calder\u00f3n, secretario general del Suteym, al [&hellip;]<\/p>\n","protected":false},"author":1,"featured_media":95989,"comment_status":"closed","ping_status":"closed","sticky":false,"template":"","format":"standard","meta":{"footnotes":""},"categories":[36],"tags":[],"class_list":["post-95982","post","type-post","status-publish","format-standard","has-post-thumbnail","hentry","category-edomex"],"_links":{"self":[{"href":"https:\/\/elinformante.mx\/index.php?rest_route=\/wp\/v2\/posts\/95982","targetHints":{"allow":["GET"]}}],"collection":[{"href":"https:\/\/elinformante.mx\/index.php?rest_route=\/wp\/v2\/posts"}],"about":[{"href":"https:\/\/elinformante.mx\/index.php?rest_route=\/wp\/v2\/types\/post"}],"author":[{"embeddable":true,"href":"https:\/\/elinformante.mx\/index.php?rest_route=\/wp\/v2\/users\/1"}],"replies":[{"embeddable":true,"href":"https:\/\/elinformante.mx\/index.php?rest_route=%2Fwp%2Fv2%2Fcomments&post=95982"}],"version-history":[{"count":0,"href":"https:\/\/elinformante.mx\/index.php?rest_route=\/wp\/v2\/posts\/95982\/revisions"}],"wp:featuredmedia":[{"embeddable":true,"href":"https:\/\/elinformante.mx\/index.php?rest_route=\/wp\/v2\/media\/95989"}],"wp:attachment":[{"href":"https:\/\/elinformante.mx\/index.php?rest_route=%2Fwp%2Fv2%2Fmedia&parent=95982"}],"wp:term":[{"taxonomy":"category","embeddable":true,"href":"https:\/\/elinformante.mx\/index.php?rest_route=%2Fwp%2Fv2%2Fcategories&post=95982"},{"taxonomy":"post_tag","embeddable":true,"href":"https:\/\/elinformante.mx\/index.php?rest_route=%2Fwp%2Fv2%2Ftags&post=95982"}],"curies":[{"name":"wp","href":"https:\/\/api.w.org\/{rel}","templated":true}]}}