{"id":96000,"date":"2025-11-13T06:25:57","date_gmt":"2025-11-13T12:25:57","guid":{"rendered":"https:\/\/elinformante.mx\/?p=96000"},"modified":"2025-11-13T06:25:59","modified_gmt":"2025-11-13T12:25:59","slug":"alcaldia-benito-juarez-lidera-el-fomento-al-empleo-en-la-cdmx","status":"publish","type":"post","link":"https:\/\/elinformante.mx\/?p=96000","title":{"rendered":"Alcald\u00eda Benito Ju\u00e1rez lidera el fomento al empleo en la CDMX"},"content":{"rendered":"\n<figure class=\"wp-block-pullquote\"><blockquote><p>Asimismo, se llevaron a cabo dos jornadas de empleo y la \u201cFeria de la Diversidad\u201d.<\/p><\/blockquote><\/figure>\n\n\n\n<p class=\"has-drop-cap\">Con el prop\u00f3sito de generar oportunidades laborales y de calidad, la administraci\u00f3n del alcalde Luis Mendoza ha impulsado la Bolsa de Empleo en la alcald\u00eda Benito Ju\u00e1rez, misma que en lo que va del 2025 ha logrado vincularse con 111 empresas de diversos giros comerciales, obteniendo un total de 7 mil 570 vacantes y con ello, ubicar a la demarcaci\u00f3n como l\u00edder de fomento al empleo en la Ciudad de M\u00e9xico.<br><\/p>\n\n\n\n<p>De enero a octubre de 2025, se han llevado a cabo diversas estrategias para acercar a quienes buscan empleo a distintas ofertas laborales, entre ellas, destaca la atenci\u00f3n directa a 604 personas, de las cuales, se logr\u00f3 vincular a 256 y la realizaci\u00f3n de 26 juntas de intercambio.<br><\/p>\n\n\n\n<p>Asimismo, se llevaron a cabo dos jornadas de empleo y la \u201cFeria de la Diversidad\u201d, ambos eventos realizados en el Parque Victoria de la colonia Villa de Cort\u00e9s, donde se dio atenci\u00f3n a 31 y 42 buscadores de empleo respectivamente.<br><\/p>\n\n\n\n<figure class=\"wp-block-image size-large\"><img fetchpriority=\"high\" decoding=\"async\" width=\"1024\" height=\"506\" src=\"https:\/\/elinformante.mx\/wp-content\/uploads\/2025\/11\/6alcaldia-2-1024x506.jpg\" alt=\"\" class=\"wp-image-96008\" srcset=\"https:\/\/elinformante.mx\/wp-content\/uploads\/2025\/11\/6alcaldia-2-1024x506.jpg 1024w, https:\/\/elinformante.mx\/wp-content\/uploads\/2025\/11\/6alcaldia-2-300x148.jpg 300w, https:\/\/elinformante.mx\/wp-content\/uploads\/2025\/11\/6alcaldia-2-768x379.jpg 768w, https:\/\/elinformante.mx\/wp-content\/uploads\/2025\/11\/6alcaldia-2.jpg 1140w\" sizes=\"(max-width: 1024px) 100vw, 1024px\" \/><\/figure>\n\n\n\n<p>De igual forma, la alcald\u00eda particip\u00f3 en dos ferias de empleo organizadas por el Centro de Estudios Superiores en Ciencias Jur\u00eddicas y Criminol\u00f3gicas (Universidad CESCIJUC) y la Universidad Amerike. Mientras que, en coordinaci\u00f3n con la Unidad Regional del Servicio de Empleo en Benito Ju\u00e1rez, realiz\u00f3 el \u201cTaller para Empleadores\u201d y junto a los Centros de Capacitaci\u00f3n para el Trabajo Industrial (CECATIS), brind\u00f3 cinco cursos para buscadores de empleo.<br><\/p>\n\n\n\n<p>Para que la poblaci\u00f3n tenga a su alcance las vacantes disponibles, se establecieron medios de contacto, como la creaci\u00f3n de un C\u00f3digo QR, la actualizaci\u00f3n peri\u00f3dica de la Bolsa de Empleo en la p\u00e1gina web de la alcald\u00eda y la atenci\u00f3n permanente v\u00eda telef\u00f3nica, siendo la \u00fanica demarcaci\u00f3n que dispone de estos canales de comunicaci\u00f3n, adem\u00e1s de llevar las ofertas a diversos puntos gracias a las Brigadas BJ.<br><\/p>\n\n\n\n<p>Dentro de la promoci\u00f3n del empleo, destaca tambi\u00e9n el impulso a las cooperativas. El gobierno de Luis Mendoza, ha brindado asesor\u00eda y acompa\u00f1amiento integral para constituir este tipo de sociedades que fortalecen la econom\u00eda local; a la fecha, son nueve cooperativas las que se han constituido formalmente.<br><\/p>\n\n\n\n<p>Con estas acciones, Benito Ju\u00e1rez se reafirma como una alcald\u00eda comprometida en establecer mecanismos que le permitan a las personas desarrollarse profesionalmente y fomentar la generaci\u00f3n de empleo formal, haciendo con ello, que la comunidad benitojuarense mantenga las condiciones que hacen de la demarcaci\u00f3n el mejor lugar para vivir en la Ciudad de M\u00e9xico.<\/p>\n","protected":false},"excerpt":{"rendered":"<p>Asimismo, se llevaron a cabo dos jornadas de empleo y la \u201cFeria de la Diversidad\u201d. Con el prop\u00f3sito de generar oportunidades laborales y de calidad, la administraci\u00f3n del alcalde Luis Mendoza ha impulsado la Bolsa de Empleo en la alcald\u00eda Benito Ju\u00e1rez, misma que en lo que va del 2025 ha logrado vincularse con 111 [&hellip;]<\/p>\n","protected":false},"author":1,"featured_media":96009,"comment_status":"closed","ping_status":"closed","sticky":false,"template":"","format":"standard","meta":{"footnotes":""},"categories":[35,30],"tags":[],"class_list":["post-96000","post","type-post","status-publish","format-standard","has-post-thumbnail","hentry","category-cdmx","category-destacado"],"_links":{"self":[{"href":"https:\/\/elinformante.mx\/index.php?rest_route=\/wp\/v2\/posts\/96000","targetHints":{"allow":["GET"]}}],"collection":[{"href":"https:\/\/elinformante.mx\/index.php?rest_route=\/wp\/v2\/posts"}],"about":[{"href":"https:\/\/elinformante.mx\/index.php?rest_route=\/wp\/v2\/types\/post"}],"author":[{"embeddable":true,"href":"https:\/\/elinformante.mx\/index.php?rest_route=\/wp\/v2\/users\/1"}],"replies":[{"embeddable":true,"href":"https:\/\/elinformante.mx\/index.php?rest_route=%2Fwp%2Fv2%2Fcomments&post=96000"}],"version-history":[{"count":0,"href":"https:\/\/elinformante.mx\/index.php?rest_route=\/wp\/v2\/posts\/96000\/revisions"}],"wp:featuredmedia":[{"embeddable":true,"href":"https:\/\/elinformante.mx\/index.php?rest_route=\/wp\/v2\/media\/96009"}],"wp:attachment":[{"href":"https:\/\/elinformante.mx\/index.php?rest_route=%2Fwp%2Fv2%2Fmedia&parent=96000"}],"wp:term":[{"taxonomy":"category","embeddable":true,"href":"https:\/\/elinformante.mx\/index.php?rest_route=%2Fwp%2Fv2%2Fcategories&post=96000"},{"taxonomy":"post_tag","embeddable":true,"href":"https:\/\/elinformante.mx\/index.php?rest_route=%2Fwp%2Fv2%2Ftags&post=96000"}],"curies":[{"name":"wp","href":"https:\/\/api.w.org\/{rel}","templated":true}]}}