{"id":96010,"date":"2025-11-13T06:30:08","date_gmt":"2025-11-13T12:30:08","guid":{"rendered":"https:\/\/elinformante.mx\/?p=96010"},"modified":"2025-11-13T06:30:12","modified_gmt":"2025-11-13T12:30:12","slug":"cdmx-esta-lista-para-el-mundial-de-futbol-2026-y-sera-la-mejor-sede-del-torneo-clara-brugada","status":"publish","type":"post","link":"https:\/\/elinformante.mx\/?p=96010","title":{"rendered":"CDMX est\u00e1 lista para el Mundial de F\u00fatbol 2026, y ser\u00e1 la mejor sede del torneo: Clara Brugada"},"content":{"rendered":"\n<figure class=\"wp-block-pullquote\"><blockquote><p>-Estamos a 211 d\u00edas para que el bal\u00f3n vuelva a rodar como s\u00edmbolo de fraternidad universal en esta ciudad que nunca deja de jugar, destac\u00f3.<\/p><\/blockquote><\/figure>\n\n\n\n<p class=\"has-drop-cap\">La Jefa de Gobierno, Clara Brugada Molina, afirm\u00f3 que, a 211 d\u00edas del arranque de la Copa Mundial de la FIFA 2026, la Ciudad de M\u00e9xico est\u00e1 lista para recibir la celebraci\u00f3n deportiva m\u00e1s grande del planeta.<br><\/p>\n\n\n\n<p>Detall\u00f3 que la capital albergar\u00e1 cinco partidos, incluido el inaugural, en el Estadio Ciudad de M\u00e9xico, anteriormente Estadio Azteca, cuya reinauguraci\u00f3n est\u00e1 prevista para el 28 de marzo de 2026. Tambi\u00e9n inform\u00f3 que el pr\u00f3ximo 5 de diciembre se celebrar\u00e1 en la ciudad de Washington el sorteo organizado por la FIFA para definir las selecciones que jugar\u00e1n en cada sede.<br><\/p>\n\n\n\n<p>La Jefa de Gobierno subray\u00f3 que la meta de su administraci\u00f3n no es solo organizar un evento deportivo exitoso, sino tambi\u00e9n convertir a la Ciudad de M\u00e9xico en la mejor sede del Mundial.<br><\/p>\n\n\n\n<p>Con entusiasmo, propuso que el 11 de junio \u2014fecha inaugural del torneo\u2014 se establezca como un d\u00eda de fiesta en la capital, para que ni\u00f1as, ni\u00f1os y familias puedan vivir el arranque del Mundial como una celebraci\u00f3n colectiva.<br><\/p>\n\n\n\n<p>Brugada Molina enfatiz\u00f3 que las obras y acciones rumbo al Mundial no ser\u00e1n de relumbr\u00f3n, sino proyectos de infraestructura que dejar\u00e1n beneficios duraderos para la ciudadan\u00eda.<br><\/p>\n\n\n\n<p>La mandataria inform\u00f3 que todos los mi\u00e9rcoles se realizar\u00e1n conferencias para dar a conocer los avances en materia de seguridad, movilidad, servicios urbanos, deporte y turismo, con el fin de mantener informada a la ciudadan\u00eda.<br><\/p>\n\n\n\n<p>La titular del Ejecutivo local destac\u00f3 que la Ciudad de M\u00e9xico ya vive el esp\u00edritu del Mundial con el torneo infantil comunitario Ollamaliztli, en el que participan m\u00e1s de 7 mil ni\u00f1as y ni\u00f1os, incluidos menores refugiados y migrantes, gracias a la colaboraci\u00f3n de ACNUR y UNICEF.<br><\/p>\n\n\n\n<p>Anunci\u00f3 que se desarrollar\u00e1n festivales futboleros en distintas zonas de la ciudad, la construcci\u00f3n de nuevas canchas y la rehabilitaci\u00f3n de cientos m\u00e1s, as\u00ed como la creaci\u00f3n de murales alusivos al Mundial que llenar\u00e1n de color el espacio p\u00fablico.<br><\/p>\n\n\n\n<p>Destac\u00f3 adem\u00e1s que el primero de marzo de 2026 se llevar\u00e1 a cabo la clase de futbol m\u00e1s grande del mundo, mientras que el 31 de mayo se organizar\u00e1 la ola m\u00e1s grande del mundo, ambos eventos con el objetivo de romper r\u00e9cords Guinness y fomentar la participaci\u00f3n ciudadana.<br><\/p>\n\n\n\n<p>Finalmente, la Jefa de Gobierno invit\u00f3 a las y los habitantes de la ciudad a sumarse a la exposici\u00f3n \u201cMemoria Colectiva 70 y 86: La ciudad que nunca deja de jugar\u201d, que se realizar\u00e1 en la Unidad Habitacional Independencia, alcald\u00eda La Magdalena Contreras, un espacio emblem\u00e1tico del legado futbol\u00edstico nacional, donde se aloj\u00f3 Pel\u00e9 en M\u00e9xico 70.<\/p>\n","protected":false},"excerpt":{"rendered":"<p>-Estamos a 211 d\u00edas para que el bal\u00f3n vuelva a rodar como s\u00edmbolo de fraternidad universal en esta ciudad que nunca deja de jugar, destac\u00f3. La Jefa de Gobierno, Clara Brugada Molina, afirm\u00f3 que, a 211 d\u00edas del arranque de la Copa Mundial de la FIFA 2026, la Ciudad de M\u00e9xico est\u00e1 lista para recibir [&hellip;]<\/p>\n","protected":false},"author":1,"featured_media":96013,"comment_status":"closed","ping_status":"closed","sticky":false,"template":"","format":"standard","meta":{"footnotes":""},"categories":[35,30],"tags":[],"class_list":["post-96010","post","type-post","status-publish","format-standard","has-post-thumbnail","hentry","category-cdmx","category-destacado"],"_links":{"self":[{"href":"https:\/\/elinformante.mx\/index.php?rest_route=\/wp\/v2\/posts\/96010","targetHints":{"allow":["GET"]}}],"collection":[{"href":"https:\/\/elinformante.mx\/index.php?rest_route=\/wp\/v2\/posts"}],"about":[{"href":"https:\/\/elinformante.mx\/index.php?rest_route=\/wp\/v2\/types\/post"}],"author":[{"embeddable":true,"href":"https:\/\/elinformante.mx\/index.php?rest_route=\/wp\/v2\/users\/1"}],"replies":[{"embeddable":true,"href":"https:\/\/elinformante.mx\/index.php?rest_route=%2Fwp%2Fv2%2Fcomments&post=96010"}],"version-history":[{"count":0,"href":"https:\/\/elinformante.mx\/index.php?rest_route=\/wp\/v2\/posts\/96010\/revisions"}],"wp:featuredmedia":[{"embeddable":true,"href":"https:\/\/elinformante.mx\/index.php?rest_route=\/wp\/v2\/media\/96013"}],"wp:attachment":[{"href":"https:\/\/elinformante.mx\/index.php?rest_route=%2Fwp%2Fv2%2Fmedia&parent=96010"}],"wp:term":[{"taxonomy":"category","embeddable":true,"href":"https:\/\/elinformante.mx\/index.php?rest_route=%2Fwp%2Fv2%2Fcategories&post=96010"},{"taxonomy":"post_tag","embeddable":true,"href":"https:\/\/elinformante.mx\/index.php?rest_route=%2Fwp%2Fv2%2Ftags&post=96010"}],"curies":[{"name":"wp","href":"https:\/\/api.w.org\/{rel}","templated":true}]}}