{"id":96014,"date":"2025-11-13T06:34:05","date_gmt":"2025-11-13T12:34:05","guid":{"rendered":"https:\/\/elinformante.mx\/?p=96014"},"modified":"2025-11-13T06:34:09","modified_gmt":"2025-11-13T12:34:09","slug":"las-playas-en-tulum-son-un-derecho-no-un-privilegio-mara-lezama","status":"publish","type":"post","link":"https:\/\/elinformante.mx\/?p=96014","title":{"rendered":"\u201cLas playas en Tulum son un derecho, no un privilegio\u201d: Mara Lezama"},"content":{"rendered":"\n<figure class=\"wp-block-pullquote\"><blockquote><p>-Autoridades de los tres niveles de gobierno y de la sociedad civil recorren las playas en el Parque del Jaguar; est\u00e1 plenamente identificado y se\u00f1alizado el acceso libre y gratuito<\/p><\/blockquote><\/figure>\n\n\n\n<p class=\"has-drop-cap\">Desde el acceso tradicional a las playas, en donde se encuentran las y los artesanos, as\u00ed como las y los turistas, el que hab\u00edan pedido los tulumnenses, la gobernadora Mara Lezama Espinosa y la secretaria federal de Turismo, Josefina Rodr\u00edguez Zamora, en concordancia con la visi\u00f3n del gobierno de la presidenta Claudia Sheinbaum, anunciaron la habilitaci\u00f3n de dos accesos libres a las playas dentro del Parque del Jaguar, en Tulum.<br><\/p>\n\n\n\n<p>\u201cHoy queremos darles la noticia: hoy estamos habilitando dos accesos en los cuales van a poder ingresar todos los d\u00edas, 365 d\u00edas del a\u00f1o, extranjeros, nacionales y residentes de Quintana Roo, a las playas. Dentro del Parque del Jaguar existen cinco playas, de las cuales hoy est\u00e1n para ustedes\u201d, expres\u00f3 la secretaria Josefina Rodr\u00edguez.<br><\/p>\n\n\n\n<p>Por su parte, la gobernadora Mara Lezama precis\u00f3 que el acceso tradicional, el m\u00e1s sentido, el que hab\u00edan pedido los y las tulumnenses, est\u00e1 abierto a partir del d\u00eda de hoy, porque es un derecho, no un privilegio, y de manera gratuita.<br><\/p>\n\n\n\n<p>Sin embargo, dej\u00f3 muy claro que este acceso tradicional, que es el que conoce todo el mundo, tendr\u00e1 dos opciones: quien quiera ir a la playa se va directo, y quien desee ingresar al Parque del Jaguar pasar\u00e1 a la taquilla para disfrutar de una nueva experiencia.<br><\/p>\n\n\n\n<p>El director general del Grupo Mundo Maya, Adolfo H\u00e9ctor Tonatiuh Velasco Bernal, explic\u00f3 que el \u00e1rea natural protegida, el Parque del Jaguar, cuenta con un museo, torre de avistamiento y senderos de cuatro kil\u00f3metros para gozarlos a pie, en bicicleta o corriendo. Tambi\u00e9n invit\u00f3 a disfrutar de las playas libres.<br><\/p>\n\n\n\n<p>Acompa\u00f1adas por el presidente municipal Diego Casta\u00f1\u00f3n; el director general del Grupo Mundo Maya, general de grupo Adolfo H\u00e9ctor Tonatiuh Velasco Bernal; y el director general del INAH, Omar V\u00e1zquez Herrera, la gobernadora Mara Lezama y la secretaria Josefina Rodr\u00edguez recorrieron las playas del Parque del Jaguar: Playa Santa Fe, Playa Pescadores, Playa Maya y Playa del Mangle.<br><\/p>\n\n\n\n<p>Adem\u00e1s, se mejor\u00f3 el acceso tradicional, haci\u00e9ndolo m\u00e1s claro, limpio y c\u00f3modo para todas las personas. Toda la zona cuenta ahora con se\u00f1alizaci\u00f3n visible, orientaci\u00f3n clara desde la carretera hasta los puntos de entrada, as\u00ed como vigilancia, limpieza y reglas de convivencia que promueven la conservaci\u00f3n del entorno natural.<br><\/p>\n\n\n\n<p>La secretaria federal de Turismo reconoci\u00f3 el esfuerzo de Quintana Roo y reiter\u00f3 el apoyo del Gobierno de M\u00e9xico para consolidar un modelo de desarrollo tur\u00edstico que priorice el bienestar social, la sustentabilidad y el acceso equitativo a los espacios p\u00fablicos.<br><\/p>\n\n\n\n<p>Todos coincidieron en que, para estar en regulaci\u00f3n, mantener el orden y conservar las bellezas naturales de Tulum, se deber\u00e1 cumplir con la reglamentaci\u00f3n.<br><\/p>\n\n\n\n<p>A partir de ahora, tambi\u00e9n se encontrar\u00e1 nueva se\u00f1al\u00e9tica para quienes llegan de otras partes, con indicaciones que dicen: \u201cAcceso p\u00fablico a la playa, completamente gratuito\u201d. Adem\u00e1s, se tiene la opci\u00f3n de visitar la zona arqueol\u00f3gica y pagar la entrada al Parque del Jaguar.<br><\/p>\n\n\n\n<p>Son 20 se\u00f1al\u00e9ticas que se instalar\u00e1n a lo largo del recorrido: cuatro sobre la carretera federal 307 y 16 tipo t\u00f3tem, a\u00f1adi\u00f3 Mara Lezama.<br><\/p>\n\n\n\n<p>El presidente Diego Casta\u00f1\u00f3n a\u00f1adi\u00f3 que, aparte de estos nuevos accesos en la zona costera, est\u00e1n la Playa Conchita, en el kil\u00f3metro 5.5, y la Playa El Pueblo, para que las disfruten en familia.<br><\/p>\n\n\n\n<p>Al final del recorrido, la secretaria Josefina Rodr\u00edguez invit\u00f3 a todas y todos los turistas a visitar Tulum, con un clima maravilloso y grandes infraestructuras, como el Aeropuerto Internacional, el Tren Maya, el Parque del Jaguar y playas \u00fanicas para gozarlas.<br><\/p>\n\n\n\n<p>En el recorrido tambi\u00e9n estuvieron el bi\u00f3logo Juan Carlos Romero Gil, director regional de la CONANP; Margarito Molina Rend\u00f3n, director del Centro INAH Quintana Roo; y Bernardo Cueto, secretario estatal de Turismo.<\/p>\n","protected":false},"excerpt":{"rendered":"<p>-Autoridades de los tres niveles de gobierno y de la sociedad civil recorren las playas en el Parque del Jaguar; est\u00e1 plenamente identificado y se\u00f1alizado el acceso libre y gratuito Desde el acceso tradicional a las playas, en donde se encuentran las y los artesanos, as\u00ed como las y los turistas, el que hab\u00edan pedido [&hellip;]<\/p>\n","protected":false},"author":1,"featured_media":96017,"comment_status":"closed","ping_status":"closed","sticky":false,"template":"","format":"standard","meta":{"footnotes":""},"categories":[30,34],"tags":[],"class_list":["post-96014","post","type-post","status-publish","format-standard","has-post-thumbnail","hentry","category-destacado","category-nacional"],"_links":{"self":[{"href":"https:\/\/elinformante.mx\/index.php?rest_route=\/wp\/v2\/posts\/96014","targetHints":{"allow":["GET"]}}],"collection":[{"href":"https:\/\/elinformante.mx\/index.php?rest_route=\/wp\/v2\/posts"}],"about":[{"href":"https:\/\/elinformante.mx\/index.php?rest_route=\/wp\/v2\/types\/post"}],"author":[{"embeddable":true,"href":"https:\/\/elinformante.mx\/index.php?rest_route=\/wp\/v2\/users\/1"}],"replies":[{"embeddable":true,"href":"https:\/\/elinformante.mx\/index.php?rest_route=%2Fwp%2Fv2%2Fcomments&post=96014"}],"version-history":[{"count":0,"href":"https:\/\/elinformante.mx\/index.php?rest_route=\/wp\/v2\/posts\/96014\/revisions"}],"wp:featuredmedia":[{"embeddable":true,"href":"https:\/\/elinformante.mx\/index.php?rest_route=\/wp\/v2\/media\/96017"}],"wp:attachment":[{"href":"https:\/\/elinformante.mx\/index.php?rest_route=%2Fwp%2Fv2%2Fmedia&parent=96014"}],"wp:term":[{"taxonomy":"category","embeddable":true,"href":"https:\/\/elinformante.mx\/index.php?rest_route=%2Fwp%2Fv2%2Fcategories&post=96014"},{"taxonomy":"post_tag","embeddable":true,"href":"https:\/\/elinformante.mx\/index.php?rest_route=%2Fwp%2Fv2%2Ftags&post=96014"}],"curies":[{"name":"wp","href":"https:\/\/api.w.org\/{rel}","templated":true}]}}