{"id":96016,"date":"2025-11-13T06:38:49","date_gmt":"2025-11-13T12:38:49","guid":{"rendered":"https:\/\/elinformante.mx\/?p=96016"},"modified":"2025-11-13T06:38:52","modified_gmt":"2025-11-13T12:38:52","slug":"ni-mexico-ni-estados-unidos-recurriran-al-arbitraje-para-resolver-la-disputa-aerea-sict","status":"publish","type":"post","link":"https:\/\/elinformante.mx\/?p=96016","title":{"rendered":"Ni M\u00e9xico ni Estados Unidos recurrir\u00e1n al arbitraje para resolver la disputa a\u00e9rea: SICT"},"content":{"rendered":"\n<figure class=\"wp-block-pullquote\"><blockquote><p>-La medida ha generado preocupaci\u00f3n en el sector aeron\u00e1utico y tur\u00edstico, al impactar directamente la conectividad internacional del AIFA.<\/p><\/blockquote><\/figure>\n\n\n\n<p class=\"has-drop-cap\">Todo indica que ni Estados Unidos, ni M\u00e9xico contemplan recurrir al arbitraje para resolver la disputa a\u00e9rea que ha frenado los planes de expansi\u00f3n de las aerol\u00edneas mexicanas, dijo el titular de la Secretar\u00eda de Infraestructura, Comunicaciones y Transportes, Jes\u00fas Esteva.<br><\/p>\n\n\n\n<p>Esteva afirm\u00f3 que el asunto a\u00fan no se ha resuelto, pero qu\u00e9 funcionarios mexicanos viajar\u00e1n a Washington en las pr\u00f3ximas semanas para reunirse nuevamente con sus hom\u00f3logos estadounidenses.<br><\/p>\n\n\n\n<figure class=\"wp-block-image size-large\"><img fetchpriority=\"high\" decoding=\"async\" width=\"1024\" height=\"506\" src=\"https:\/\/elinformante.mx\/wp-content\/uploads\/2025\/11\/3ni-mexico-1024x506.jpg\" alt=\"\" class=\"wp-image-96023\" srcset=\"https:\/\/elinformante.mx\/wp-content\/uploads\/2025\/11\/3ni-mexico-1024x506.jpg 1024w, https:\/\/elinformante.mx\/wp-content\/uploads\/2025\/11\/3ni-mexico-300x148.jpg 300w, https:\/\/elinformante.mx\/wp-content\/uploads\/2025\/11\/3ni-mexico-768x379.jpg 768w, https:\/\/elinformante.mx\/wp-content\/uploads\/2025\/11\/3ni-mexico.jpg 1140w\" sizes=\"(max-width: 1024px) 100vw, 1024px\" \/><\/figure>\n\n\n\n<p>Estas declaraciones de Esteva se dan cuando el Aeropuerto Internacional Felipe \u00c1ngeles (AIFA), enfrenta un retroceso importante tras la cancelaci\u00f3n por parte del Departamento de Transporte de Estados Unidos (DOT) de 13 rutas que operaban o iban a operar desde esa terminal hacia destinos estadounidenses.<br><\/p>\n\n\n\n<p>La medida fue anunciada a inicios de mes, y ha generado preocupaci\u00f3n en el sector aeron\u00e1utico y tur\u00edstico, al impactar directamente la conectividad internacional del AIFA, a las afueras de la capital mexicana, y que buscaba consolidarse como una alternativa al saturado Aeropuerto Internacional de Ciudad de M\u00e9xico (AICM).<br><\/p>\n\n\n\n<p>El DOT argument\u00f3 que las decisiones del Gobierno mexicano, como el cierre del AICM a la carga a\u00e9rea y la reasignaci\u00f3n de slots o franjas horarias, generan condiciones inequitativas para las aerol\u00edneas estadounidenses.<\/p>\n","protected":false},"excerpt":{"rendered":"<p>-La medida ha generado preocupaci\u00f3n en el sector aeron\u00e1utico y tur\u00edstico, al impactar directamente la conectividad internacional del AIFA. Todo indica que ni Estados Unidos, ni M\u00e9xico contemplan recurrir al arbitraje para resolver la disputa a\u00e9rea que ha frenado los planes de expansi\u00f3n de las aerol\u00edneas mexicanas, dijo el titular de la Secretar\u00eda de Infraestructura, [&hellip;]<\/p>\n","protected":false},"author":1,"featured_media":96022,"comment_status":"closed","ping_status":"closed","sticky":false,"template":"","format":"standard","meta":{"footnotes":""},"categories":[30,34],"tags":[],"class_list":["post-96016","post","type-post","status-publish","format-standard","has-post-thumbnail","hentry","category-destacado","category-nacional"],"_links":{"self":[{"href":"https:\/\/elinformante.mx\/index.php?rest_route=\/wp\/v2\/posts\/96016","targetHints":{"allow":["GET"]}}],"collection":[{"href":"https:\/\/elinformante.mx\/index.php?rest_route=\/wp\/v2\/posts"}],"about":[{"href":"https:\/\/elinformante.mx\/index.php?rest_route=\/wp\/v2\/types\/post"}],"author":[{"embeddable":true,"href":"https:\/\/elinformante.mx\/index.php?rest_route=\/wp\/v2\/users\/1"}],"replies":[{"embeddable":true,"href":"https:\/\/elinformante.mx\/index.php?rest_route=%2Fwp%2Fv2%2Fcomments&post=96016"}],"version-history":[{"count":0,"href":"https:\/\/elinformante.mx\/index.php?rest_route=\/wp\/v2\/posts\/96016\/revisions"}],"wp:featuredmedia":[{"embeddable":true,"href":"https:\/\/elinformante.mx\/index.php?rest_route=\/wp\/v2\/media\/96022"}],"wp:attachment":[{"href":"https:\/\/elinformante.mx\/index.php?rest_route=%2Fwp%2Fv2%2Fmedia&parent=96016"}],"wp:term":[{"taxonomy":"category","embeddable":true,"href":"https:\/\/elinformante.mx\/index.php?rest_route=%2Fwp%2Fv2%2Fcategories&post=96016"},{"taxonomy":"post_tag","embeddable":true,"href":"https:\/\/elinformante.mx\/index.php?rest_route=%2Fwp%2Fv2%2Ftags&post=96016"}],"curies":[{"name":"wp","href":"https:\/\/api.w.org\/{rel}","templated":true}]}}