{"id":96044,"date":"2025-11-14T04:49:06","date_gmt":"2025-11-14T10:49:06","guid":{"rendered":"https:\/\/elinformante.mx\/?p=96044"},"modified":"2025-11-14T04:49:08","modified_gmt":"2025-11-14T10:49:08","slug":"checo-perez-hace-sus-primeras-pruebas-con-cadillac-en-imola","status":"publish","type":"post","link":"https:\/\/elinformante.mx\/?p=96044","title":{"rendered":"Checo P\u00e9rez hace sus primeras pruebas con Cadillac en Imola"},"content":{"rendered":"\n<figure class=\"wp-block-pullquote\"><blockquote><p>Condujo un auto de F\u00f3rmula Uno por primera vez en casi un a\u00f1o.<\/p><\/blockquote><\/figure>\n\n\n\n<p class=\"has-drop-cap\">El mexicano Sergio \u201cCheco\u201d P\u00e9rez condujo un auto de F\u00f3rmula Uno por primera vez en casi un a\u00f1o, cuando prob\u00f3 para Cadillac un Ferrari 2023 en el circuito italiano de Imola.<br><\/p>\n\n\n\n<p>Cadillac no tiene un monoplaza propio, pero utilizar\u00e1 motores Ferrari cuando debute la pr\u00f3xima temporada como und\u00e9cimo equipo de F\u00f3rmula Uno, con una alineaci\u00f3n formada por \u201cCheco\u201d y el finland\u00e9s Valtteri Bottas.<br><\/p>\n\n\n\n<p>Mediante redes sociales se pueden observar las fotos donde se aprecia un b\u00f3lido completamente negro corriendo sin marca en el circuito.<br><\/p>\n\n\n\n<p>\u201cCheco\u201d llevaba tambi\u00e9n un mono y casco negros. A principios de semana, el mexicano se\u00f1al\u00f3 que la sesi\u00f3n, su primera desde su \u00faltima carrera para Red Bull en diciembre de 2024, era importante para que el equipo practicara procedimientos, perfeccionara el simulador y se preparara para futuros fines de semana de carreras.<br><\/p>\n\n\n\n<p>\u201cEs b\u00e1sicamente solo un momento para que podamos reunirnos con los ingenieros, mec\u00e1nicos, empezar a trabajar todos juntos, ya sabes, empezar a hablar el mismo idioma\u201d.<br><\/p>\n\n\n\n<p>\u201cTengo curiosidad, ya sabes, por saber cu\u00e1ntas vueltas dar\u00e1 mi cuello antes de destrozarse\u201d, a\u00f1adi\u00f3 con una sonrisa. \u201cPero es genial, ya sabes. Es una gran prueba y una gran manera de terminar el a\u00f1o antes de volver al auto el a\u00f1o que viene\u201d.<br><\/p>\n\n\n\n<p>Bottas, tambi\u00e9n de 35 a\u00f1os y ganador de m\u00faltiples carreras, tambi\u00e9n ha estado un a\u00f1o alejado de las carreras tras dejar a Sauber, pero actualmente es reserva de Mercedes y asiste a los grandes premios.<\/p>\n","protected":false},"excerpt":{"rendered":"<p>Condujo un auto de F\u00f3rmula Uno por primera vez en casi un a\u00f1o. El mexicano Sergio \u201cCheco\u201d P\u00e9rez condujo un auto de F\u00f3rmula Uno por primera vez en casi un a\u00f1o, cuando prob\u00f3 para Cadillac un Ferrari 2023 en el circuito italiano de Imola. Cadillac no tiene un monoplaza propio, pero utilizar\u00e1 motores Ferrari cuando [&hellip;]<\/p>\n","protected":false},"author":1,"featured_media":96048,"comment_status":"closed","ping_status":"closed","sticky":false,"template":"","format":"standard","meta":{"footnotes":""},"categories":[38],"tags":[],"class_list":["post-96044","post","type-post","status-publish","format-standard","has-post-thumbnail","hentry","category-deportes"],"_links":{"self":[{"href":"https:\/\/elinformante.mx\/index.php?rest_route=\/wp\/v2\/posts\/96044","targetHints":{"allow":["GET"]}}],"collection":[{"href":"https:\/\/elinformante.mx\/index.php?rest_route=\/wp\/v2\/posts"}],"about":[{"href":"https:\/\/elinformante.mx\/index.php?rest_route=\/wp\/v2\/types\/post"}],"author":[{"embeddable":true,"href":"https:\/\/elinformante.mx\/index.php?rest_route=\/wp\/v2\/users\/1"}],"replies":[{"embeddable":true,"href":"https:\/\/elinformante.mx\/index.php?rest_route=%2Fwp%2Fv2%2Fcomments&post=96044"}],"version-history":[{"count":0,"href":"https:\/\/elinformante.mx\/index.php?rest_route=\/wp\/v2\/posts\/96044\/revisions"}],"wp:featuredmedia":[{"embeddable":true,"href":"https:\/\/elinformante.mx\/index.php?rest_route=\/wp\/v2\/media\/96048"}],"wp:attachment":[{"href":"https:\/\/elinformante.mx\/index.php?rest_route=%2Fwp%2Fv2%2Fmedia&parent=96044"}],"wp:term":[{"taxonomy":"category","embeddable":true,"href":"https:\/\/elinformante.mx\/index.php?rest_route=%2Fwp%2Fv2%2Fcategories&post=96044"},{"taxonomy":"post_tag","embeddable":true,"href":"https:\/\/elinformante.mx\/index.php?rest_route=%2Fwp%2Fv2%2Ftags&post=96044"}],"curies":[{"name":"wp","href":"https:\/\/api.w.org\/{rel}","templated":true}]}}