{"id":96051,"date":"2025-11-14T04:55:19","date_gmt":"2025-11-14T10:55:19","guid":{"rendered":"https:\/\/elinformante.mx\/?p=96051"},"modified":"2025-11-14T04:55:22","modified_gmt":"2025-11-14T10:55:22","slug":"encabeza-saray-benitez-la-jornada-de-adopcion-animal-en-mexicaltzingo","status":"publish","type":"post","link":"https:\/\/elinformante.mx\/?p=96051","title":{"rendered":"Encabeza Saray Ben\u00edtez la jornada de adopci\u00f3n animal en Mexicaltzingo"},"content":{"rendered":"\n<figure class=\"wp-block-pullquote\"><blockquote><p>-Tambi\u00e9n se encabez\u00f3 la jornada de salud p\u00fablica \u201cJueves de la Salud para las y los Mexiquenses\u201d.<\/p><\/blockquote><\/figure>\n\n\n\n<p class=\"has-drop-cap\">En el municipio de Mexicaltzingo el cuidado responsable y el bienestar animal es una prioridad, as\u00ed lo se\u00f1al\u00f3 la presidenta Saray Ben\u00edtez Espinosa al encabezar el acto de adopci\u00f3n responsable.<br><\/p>\n\n\n\n<p>Se\u00f1al\u00f3 que para todos aquellos interesados en adoptar a un ser sintiente, deben estar muy conscientes de que es compromiso de por vida y que se debe adquirir con toda seriedad, no solo con los seres sintientes, sino tambi\u00e9n con la sociedad que nos rodea.<br><\/p>\n\n\n\n<p>Ben\u00edtez Espinosa fue enf\u00e1tica al recordar que su gobierno promueve la adopci\u00f3n, pero la adopci\u00f3n responsable, adem\u00e1s del cuidado, la protecci\u00f3n y el respeto hacia cada vida que forma parte de nuestra comunidad.<br><\/p>\n\n\n\n<figure class=\"wp-block-image size-large\"><img fetchpriority=\"high\" decoding=\"async\" width=\"1024\" height=\"506\" src=\"https:\/\/elinformante.mx\/wp-content\/uploads\/2025\/11\/13mexi-1024x506.jpg\" alt=\"\" class=\"wp-image-96053\" srcset=\"https:\/\/elinformante.mx\/wp-content\/uploads\/2025\/11\/13mexi-1024x506.jpg 1024w, https:\/\/elinformante.mx\/wp-content\/uploads\/2025\/11\/13mexi-300x148.jpg 300w, https:\/\/elinformante.mx\/wp-content\/uploads\/2025\/11\/13mexi-768x379.jpg 768w, https:\/\/elinformante.mx\/wp-content\/uploads\/2025\/11\/13mexi.jpg 1140w\" sizes=\"(max-width: 1024px) 100vw, 1024px\" \/><\/figure>\n\n\n\n<p>Y se\u00f1al\u00f3 que todos podemos hacer la diferencia, para ello, en Mexicaltzingo, su gobierno continuar\u00e1 trabajando de manera conjunta y coordinada para formar un municipio m\u00e1s humano, consciente y comprometido con quienes no tienen voz.<br><\/p>\n\n\n\n<p>Y finaliz\u00f3 se\u00f1alando: \u201cSi quieres hacer la diferencia, adoptar es un acto de amor que transforma vidas. \u00a1Ven, dales una segunda oportunidad! Adopta No Compres\u201d.<br><\/p>\n\n\n\n<p>Tambi\u00e9n se encabez\u00f3 la jornada de salud p\u00fablica \u201cJueves de la Salud para las y los Mexiquenses\u201d, donde se trabaja de manera coordinada con las diferentes dependencias del Gobierno del Estado de M\u00e9xico, para acercar los servicios de salud y bienestar para respaldar a todas las familias de nuestro municipio.<br><\/p>\n\n\n\n<p>Se\u00f1al\u00f3 que estas jornadas de salud han sido impulsadas por la gobernadora Delfina G\u00f3mez \u00c1lvarez, ofreciendo atenci\u00f3n en \u00e1reas como salud f\u00edsica y mental, nutrici\u00f3n, prevenci\u00f3n, detecciones, asesor\u00eda jur\u00eddica, bienestar familiar y apoyos comunitarios, todo de forma gratuita o a bajo costo.<\/p>\n","protected":false},"excerpt":{"rendered":"<p>-Tambi\u00e9n se encabez\u00f3 la jornada de salud p\u00fablica \u201cJueves de la Salud para las y los Mexiquenses\u201d. En el municipio de Mexicaltzingo el cuidado responsable y el bienestar animal es una prioridad, as\u00ed lo se\u00f1al\u00f3 la presidenta Saray Ben\u00edtez Espinosa al encabezar el acto de adopci\u00f3n responsable. Se\u00f1al\u00f3 que para todos aquellos interesados en adoptar [&hellip;]<\/p>\n","protected":false},"author":1,"featured_media":96052,"comment_status":"closed","ping_status":"closed","sticky":false,"template":"","format":"standard","meta":{"footnotes":""},"categories":[36],"tags":[],"class_list":["post-96051","post","type-post","status-publish","format-standard","has-post-thumbnail","hentry","category-edomex"],"_links":{"self":[{"href":"https:\/\/elinformante.mx\/index.php?rest_route=\/wp\/v2\/posts\/96051","targetHints":{"allow":["GET"]}}],"collection":[{"href":"https:\/\/elinformante.mx\/index.php?rest_route=\/wp\/v2\/posts"}],"about":[{"href":"https:\/\/elinformante.mx\/index.php?rest_route=\/wp\/v2\/types\/post"}],"author":[{"embeddable":true,"href":"https:\/\/elinformante.mx\/index.php?rest_route=\/wp\/v2\/users\/1"}],"replies":[{"embeddable":true,"href":"https:\/\/elinformante.mx\/index.php?rest_route=%2Fwp%2Fv2%2Fcomments&post=96051"}],"version-history":[{"count":0,"href":"https:\/\/elinformante.mx\/index.php?rest_route=\/wp\/v2\/posts\/96051\/revisions"}],"wp:featuredmedia":[{"embeddable":true,"href":"https:\/\/elinformante.mx\/index.php?rest_route=\/wp\/v2\/media\/96052"}],"wp:attachment":[{"href":"https:\/\/elinformante.mx\/index.php?rest_route=%2Fwp%2Fv2%2Fmedia&parent=96051"}],"wp:term":[{"taxonomy":"category","embeddable":true,"href":"https:\/\/elinformante.mx\/index.php?rest_route=%2Fwp%2Fv2%2Fcategories&post=96051"},{"taxonomy":"post_tag","embeddable":true,"href":"https:\/\/elinformante.mx\/index.php?rest_route=%2Fwp%2Fv2%2Ftags&post=96051"}],"curies":[{"name":"wp","href":"https:\/\/api.w.org\/{rel}","templated":true}]}}