{"id":96057,"date":"2025-11-14T05:03:37","date_gmt":"2025-11-14T11:03:37","guid":{"rendered":"https:\/\/elinformante.mx\/?p=96057"},"modified":"2025-11-14T05:03:56","modified_gmt":"2025-11-14T11:03:56","slug":"isaac-montoya-encabeza-la-entrega-de-700-canastas-alimentarias-en-naucalpan","status":"publish","type":"post","link":"https:\/\/elinformante.mx\/?p=96057","title":{"rendered":"Isaac Montoya encabeza la entrega de 700 canastas alimentarias en Naucalpan"},"content":{"rendered":"\n<figure class=\"wp-block-pullquote\"><blockquote><p>-Las Canastas Alimentarias del Bienestar forman parte de un programa integral que busca mejorar los h\u00e1bitos alimenticios de las familias mexiquenses<\/p><\/blockquote><\/figure>\n\n\n\n<p class=\"has-drop-cap\">En Naucalpan, el presidente municipal Isaac Montoya M\u00e1rquez, en coordinaci\u00f3n con el Gobierno del Estado de M\u00e9xico y el Sistema para el Desarrollo Integral de la Familia del Edom\u00e9x (DIFEM), encabez\u00f3 la entrega de 700 Canastas Alimentarias del Bienestar a familias en situaci\u00f3n de vulnerabilidad del municipio.<br><\/p>\n\n\n\n<p>Durante la entrega, Montoya M\u00e1rquez se\u00f1al\u00f3 que esta acci\u00f3n forma parte de las pol\u00edticas sociales impulsadas por su administraci\u00f3n para fortalecer la seguridad alimentaria y mejorar la calidad de vida de los mexiquenses.<br><\/p>\n\n\n\n<p>Destac\u00f3 la enorme importancia de este tipo de programas, que buscan atender de manera directa a los sectores m\u00e1s necesitados.<br><\/p>\n\n\n\n<p>Montoya M\u00e1rquez reconoci\u00f3 el enorme compromiso de la gobernadora Delfina G\u00f3mez \u00c1lvarez, y agradeci\u00f3 su respaldo permanente hacia las y los vecinos de Naucalpan.<br><\/p>\n\n\n\n<figure class=\"wp-block-image size-large\"><img fetchpriority=\"high\" decoding=\"async\" width=\"1024\" height=\"506\" src=\"https:\/\/elinformante.mx\/wp-content\/uploads\/2025\/11\/12naucalpan-2-3-1024x506.jpg\" alt=\"\" class=\"wp-image-96062\" srcset=\"https:\/\/elinformante.mx\/wp-content\/uploads\/2025\/11\/12naucalpan-2-3-1024x506.jpg 1024w, https:\/\/elinformante.mx\/wp-content\/uploads\/2025\/11\/12naucalpan-2-3-300x148.jpg 300w, https:\/\/elinformante.mx\/wp-content\/uploads\/2025\/11\/12naucalpan-2-3-768x379.jpg 768w, https:\/\/elinformante.mx\/wp-content\/uploads\/2025\/11\/12naucalpan-2-3.jpg 1140w\" sizes=\"(max-width: 1024px) 100vw, 1024px\" \/><\/figure>\n\n\n\n<p>Se\u00f1al\u00f3 el enorme impulso que ha dado su gobierno a las pol\u00edticas p\u00fablicas, que est\u00e1n orientadas al bienestar social en los 125 municipios del Estado de M\u00e9xico y que no solo se limitan a la asistencia social, porque, tambi\u00e9n est\u00e1 apostando su gobierno en coordinaci\u00f3n con los gobiernos municipales por proyectos de infraestructura que transformar\u00e1n la vida de los habitantes.<br><\/p>\n\n\n\n<p>Tambi\u00e9n mencion\u00f3, que la L\u00ednea 3 del Mexicable, es una obra que avanza de manera firme y que beneficiar\u00e1 a miles de naucalpenses al mejorar su movilidad y reducir los tiempos de traslado.<br><\/p>\n\n\n\n<p>Reiter\u00f3 que su gobierno continuar\u00e1 trabajando para llevar beneficios a cada colonia, fraccionamiento y pueblo de Naucalpan, reforzando el compromiso de que el bienestar sea un derecho garantizado para todos los ciudadanos.<br><\/p>\n\n\n\n<p>Las autoridades del DIFEM se\u00f1alaron que las Canastas Alimentarias del Bienestar forman parte de un programa integral que busca mejorar los h\u00e1bitos alimenticios de las familias mexiquenses, priorizando a ni\u00f1os, adultos mayores y personas con discapacidad.<br><\/p>\n\n\n\n<p>Resaltaron que estos apoyos no solo representan un alivio econ\u00f3mico, sino tambi\u00e9n una oportunidad para fortalecer el tejido social y promover la solidaridad comunitaria.<\/p>\n","protected":false},"excerpt":{"rendered":"<p>-Las Canastas Alimentarias del Bienestar forman parte de un programa integral que busca mejorar los h\u00e1bitos alimenticios de las familias mexiquenses En Naucalpan, el presidente municipal Isaac Montoya M\u00e1rquez, en coordinaci\u00f3n con el Gobierno del Estado de M\u00e9xico y el Sistema para el Desarrollo Integral de la Familia del Edom\u00e9x (DIFEM), encabez\u00f3 la entrega de [&hellip;]<\/p>\n","protected":false},"author":1,"featured_media":96061,"comment_status":"closed","ping_status":"closed","sticky":false,"template":"","format":"standard","meta":{"footnotes":""},"categories":[30,36],"tags":[],"class_list":["post-96057","post","type-post","status-publish","format-standard","has-post-thumbnail","hentry","category-destacado","category-edomex"],"_links":{"self":[{"href":"https:\/\/elinformante.mx\/index.php?rest_route=\/wp\/v2\/posts\/96057","targetHints":{"allow":["GET"]}}],"collection":[{"href":"https:\/\/elinformante.mx\/index.php?rest_route=\/wp\/v2\/posts"}],"about":[{"href":"https:\/\/elinformante.mx\/index.php?rest_route=\/wp\/v2\/types\/post"}],"author":[{"embeddable":true,"href":"https:\/\/elinformante.mx\/index.php?rest_route=\/wp\/v2\/users\/1"}],"replies":[{"embeddable":true,"href":"https:\/\/elinformante.mx\/index.php?rest_route=%2Fwp%2Fv2%2Fcomments&post=96057"}],"version-history":[{"count":0,"href":"https:\/\/elinformante.mx\/index.php?rest_route=\/wp\/v2\/posts\/96057\/revisions"}],"wp:featuredmedia":[{"embeddable":true,"href":"https:\/\/elinformante.mx\/index.php?rest_route=\/wp\/v2\/media\/96061"}],"wp:attachment":[{"href":"https:\/\/elinformante.mx\/index.php?rest_route=%2Fwp%2Fv2%2Fmedia&parent=96057"}],"wp:term":[{"taxonomy":"category","embeddable":true,"href":"https:\/\/elinformante.mx\/index.php?rest_route=%2Fwp%2Fv2%2Fcategories&post=96057"},{"taxonomy":"post_tag","embeddable":true,"href":"https:\/\/elinformante.mx\/index.php?rest_route=%2Fwp%2Fv2%2Ftags&post=96057"}],"curies":[{"name":"wp","href":"https:\/\/api.w.org\/{rel}","templated":true}]}}