{"id":96076,"date":"2025-11-14T05:23:39","date_gmt":"2025-11-14T11:23:39","guid":{"rendered":"https:\/\/elinformante.mx\/?p=96076"},"modified":"2025-11-14T05:23:43","modified_gmt":"2025-11-14T11:23:43","slug":"encabeza-ramirez-ponce-el-inicio-de-el-buen-fin-2025-en-lerma","status":"publish","type":"post","link":"https:\/\/elinformante.mx\/?p=96076","title":{"rendered":"Encabeza Ram\u00edrez Ponce el inicio de El Buen Fin 2025 en Lerma"},"content":{"rendered":"\n<figure class=\"wp-block-pullquote\"><blockquote><p>Agradeci\u00f3 a la gobernadora Delfina G\u00f3mez por su respaldo, para que se pueda tener al final de este Buen Fin 2025 un saldo blanco, no solo en el municipio, sino en toda la entidad.<\/p><\/blockquote><\/figure>\n\n\n\n<p class=\"has-drop-cap\">El presidente municipal de Lerma, Miguel \u00c1ngel Ram\u00edrez Ponce, dio el banderazo de inicio del Buen Fin 2025 en Lerma en las instalaciones de la Plaza Comercial Las Outlets Lerma.<br><\/p>\n\n\n\n<p>En compa\u00f1\u00eda del gerente de la plaza, Ram\u00edrez Ponce invit\u00f3 a todas y todos los vecinos de los municipios aleda\u00f1os a visitar y disfrutar de sus compras con toda confianza en negocios de Lerma.<br><\/p>\n\n\n\n<p>Ram\u00edrez Ponce mencion\u00f3 que se tendr\u00e1 un operativo policial, con elementos de la polic\u00eda estatal, municipal y tr\u00e1nsito del Estado de M\u00e9xico.<br><\/p>\n\n\n\n<figure class=\"wp-block-image size-large\"><img fetchpriority=\"high\" decoding=\"async\" width=\"1024\" height=\"506\" src=\"https:\/\/elinformante.mx\/wp-content\/uploads\/2025\/11\/8lerma-1024x506.jpg\" alt=\"\" class=\"wp-image-96078\" srcset=\"https:\/\/elinformante.mx\/wp-content\/uploads\/2025\/11\/8lerma-1024x506.jpg 1024w, https:\/\/elinformante.mx\/wp-content\/uploads\/2025\/11\/8lerma-300x148.jpg 300w, https:\/\/elinformante.mx\/wp-content\/uploads\/2025\/11\/8lerma-768x379.jpg 768w, https:\/\/elinformante.mx\/wp-content\/uploads\/2025\/11\/8lerma.jpg 1140w\" sizes=\"(max-width: 1024px) 100vw, 1024px\" \/><\/figure>\n\n\n\n<p>Agradeci\u00f3 a la gobernadora Delfina G\u00f3mez por su respaldo, para que se pueda tener al final de este Buen Fin 2025 un saldo blanco, no solo en el municipio de Lerma, sino en toda la entidad.<br><\/p>\n\n\n\n<p>El comandante Jos\u00e9 Alberto, se\u00f1al\u00f3 que el operativo para El Buen Fin 2025, estar\u00e1 disponible en todas las zonas comerciales de Lerma, y reafirm\u00f3 que se contar\u00e1 con el respaldo de elementos de SSEM, Defensa, Guardia Nacional y polic\u00eda municipal de Lerma.<br><\/p>\n\n\n\n<p>La directora de Tr\u00e1nsito y Vialidad de Lerma, Sandra Noemy S\u00e1nchez Almeyda, se\u00f1al\u00f3 que se mantendr\u00e1 un Operativo Vial en el municipio, trabajo en coordinaci\u00f3n con la Secretaria de Tr\u00e1nsito y la polic\u00eda federal; pidi\u00f3 a los compradores y visitantes, mantenerse alerta y reportar cualquier anomal\u00eda que pudieran observar.<br><\/p>\n\n\n\n<p>Finaliz\u00f3 Ram\u00edrez Ponce expresando su compromiso con la seguridad y bienestar de los ciudadanos de Lerma y la importancia del Buen Fin para el desarrollo econ\u00f3mico regional. \u201cEstamos aqu\u00ed para apoyar a nuestros comerciantes y a los miles de consumidores que se beneficiar\u00e1n de las ofertas disponibles. Garantizar un entorno seguro es nuestra prioridad\u201d.<\/p>\n","protected":false},"excerpt":{"rendered":"<p>Agradeci\u00f3 a la gobernadora Delfina G\u00f3mez por su respaldo, para que se pueda tener al final de este Buen Fin 2025 un saldo blanco, no solo en el municipio, sino en toda la entidad. El presidente municipal de Lerma, Miguel \u00c1ngel Ram\u00edrez Ponce, dio el banderazo de inicio del Buen Fin 2025 en Lerma en [&hellip;]<\/p>\n","protected":false},"author":1,"featured_media":96077,"comment_status":"closed","ping_status":"closed","sticky":false,"template":"","format":"standard","meta":{"footnotes":""},"categories":[30,36],"tags":[],"class_list":["post-96076","post","type-post","status-publish","format-standard","has-post-thumbnail","hentry","category-destacado","category-edomex"],"_links":{"self":[{"href":"https:\/\/elinformante.mx\/index.php?rest_route=\/wp\/v2\/posts\/96076","targetHints":{"allow":["GET"]}}],"collection":[{"href":"https:\/\/elinformante.mx\/index.php?rest_route=\/wp\/v2\/posts"}],"about":[{"href":"https:\/\/elinformante.mx\/index.php?rest_route=\/wp\/v2\/types\/post"}],"author":[{"embeddable":true,"href":"https:\/\/elinformante.mx\/index.php?rest_route=\/wp\/v2\/users\/1"}],"replies":[{"embeddable":true,"href":"https:\/\/elinformante.mx\/index.php?rest_route=%2Fwp%2Fv2%2Fcomments&post=96076"}],"version-history":[{"count":0,"href":"https:\/\/elinformante.mx\/index.php?rest_route=\/wp\/v2\/posts\/96076\/revisions"}],"wp:featuredmedia":[{"embeddable":true,"href":"https:\/\/elinformante.mx\/index.php?rest_route=\/wp\/v2\/media\/96077"}],"wp:attachment":[{"href":"https:\/\/elinformante.mx\/index.php?rest_route=%2Fwp%2Fv2%2Fmedia&parent=96076"}],"wp:term":[{"taxonomy":"category","embeddable":true,"href":"https:\/\/elinformante.mx\/index.php?rest_route=%2Fwp%2Fv2%2Fcategories&post=96076"},{"taxonomy":"post_tag","embeddable":true,"href":"https:\/\/elinformante.mx\/index.php?rest_route=%2Fwp%2Fv2%2Ftags&post=96076"}],"curies":[{"name":"wp","href":"https:\/\/api.w.org\/{rel}","templated":true}]}}