{"id":96531,"date":"2025-11-25T05:49:00","date_gmt":"2025-11-25T11:49:00","guid":{"rendered":"https:\/\/elinformante.mx\/?p=96531"},"modified":"2025-11-25T05:49:03","modified_gmt":"2025-11-25T11:49:03","slug":"inicia-seminario-internacional-sobre-innovacion-en-gobiernos-locales-en-san-mateo-atenco-ana-muniz","status":"publish","type":"post","link":"https:\/\/elinformante.mx\/?p=96531","title":{"rendered":"Inicia Seminario Internacional sobre Innovaci\u00f3n en Gobiernos Locales en San Mateo Atenco: Ana Mu\u00f1iz"},"content":{"rendered":"\n<figure class=\"wp-block-pullquote\"><blockquote><p>El municipio de San Mateo Atenco se convirti\u00f3 en el punto de encuentro de l\u00edderes locales de 21 pa\u00edses.<\/p><\/blockquote><\/figure>\n\n\n\n<p class=\"has-drop-cap\">Con la inauguraci\u00f3n del Seminario Internacional sobre Innovaci\u00f3n en Gobiernos Locales, autoridades municipales, organismos internacionales y expertos debatir\u00e1n sobre el papel de los gobiernos locales en el cumplimiento de los Objetivos de Desarrollo Sostenible (ODS).<br><\/p>\n\n\n\n<p>La presidenta municipal de San Mateo Atenco, Ana Mu\u00f1iz Neyra, fue la encargada de encabezar el arranque del seminario con un mensaje enf\u00e1tico.<br><\/p>\n\n\n\n<p>Durante este, destac\u00f3 la importancia de fortalecer los gobiernos locales como pilares de la vida democr\u00e1tica y del bienestar colectivo; se\u00f1alando que el verdadero desarrollo solo es posible cuando se trabaja en uni\u00f3n, afirm\u00f3, refiri\u00e9ndose a la necesidad de impulsar la igualdad, la equidad de g\u00e9nero y los derechos humanos desde lo municipal.<br><\/p>\n\n\n\n<p>Record\u00f3 que este seminario cuenta con el respaldo de organismos como la Organizaci\u00f3n de las Naciones Unidas (ONU), Ciudades y Gobiernos Locales Unidos (CGLU) y la Federaci\u00f3n Latinoamericana de Ciudades, Municipios y Asociaciones de Gobiernos Locales (FLACMA).<br><\/p>\n\n\n\n<p>La reuni\u00f3n tambi\u00e9n re\u00fane asociaciones de alcaldes y alcaldesas de Espa\u00f1a, Am\u00e9rica Latina y M\u00e9xico.<br><\/p>\n\n\n\n<p>Rafael Flores Mendoza, titular del Comit\u00e9 de Planeaci\u00f3n para el Desarrollo del Estado de M\u00e9xico y representante de la gobernadora Delfina G\u00f3mez \u00c1lvarez, subray\u00f3 la urgencia de construir soluciones desde lo local.<br><\/p>\n\n\n\n<figure class=\"wp-block-image size-large\"><img fetchpriority=\"high\" decoding=\"async\" width=\"1024\" height=\"506\" src=\"https:\/\/elinformante.mx\/wp-content\/uploads\/2025\/11\/11mateo-2-1-1024x506.jpg\" alt=\"\" class=\"wp-image-96536\" srcset=\"https:\/\/elinformante.mx\/wp-content\/uploads\/2025\/11\/11mateo-2-1-1024x506.jpg 1024w, https:\/\/elinformante.mx\/wp-content\/uploads\/2025\/11\/11mateo-2-1-300x148.jpg 300w, https:\/\/elinformante.mx\/wp-content\/uploads\/2025\/11\/11mateo-2-1-768x379.jpg 768w, https:\/\/elinformante.mx\/wp-content\/uploads\/2025\/11\/11mateo-2-1.jpg 1140w\" sizes=\"(max-width: 1024px) 100vw, 1024px\" \/><\/figure>\n\n\n\n<p>Uno de los ejes del evento es la Reuni\u00f3n de la Red Latinoamericana de Mujeres Municipalistas, donde se integrar\u00e1n nuevas lideresas pol\u00edticas.<br><\/p>\n\n\n\n<p>Mu\u00f1iz Neyra detall\u00f3 que de m\u00e1s de 16 mil gobiernos locales en Latinoam\u00e9rica, 2200 son encabezados por mujeres que tienen como objetivo claro el fortalecer redes de apoyo y fomentar la participaci\u00f3n pol\u00edtica de las mujeres en gobiernos locales.<br><\/p>\n\n\n\n<p>Juan Ignacio Morales Guevara, presidente de FENAMM, reconoci\u00f3 que los alcaldes enfrentan grandes desaf\u00edos presupuestales. Subray\u00f3 la necesidad de alianzas estrat\u00e9gicas con todos los sectores para mantener los servicios y responder a las demandas ciudadanas.<br><\/p>\n\n\n\n<p>La senadora Cristina Ruiz Sandoval destac\u00f3 la responsabilidad de los municipios como primer contacto con la ciudadan\u00eda. Propuso fortalecer sus capacidades con apoyo legislativo desde el Congreso.<br><\/p>\n\n\n\n<p>Ana Luc\u00eda Reis, alcaldesa de Cobija, Bolivia, y copresidenta de CGLU, record\u00f3 que los municipios representan la cara visible del Estado ante la poblaci\u00f3n. Insisti\u00f3 en que la creatividad y la resiliencia son claves ante la falta de recursos. \u201cTodo lo que pasa, pasa en un municipio\u201d, sentenci\u00f3.<br><\/p>\n\n\n\n<p>El Seminario Internacional en San Mateo Atenco se consolida como un espacio estrat\u00e9gico para la cooperaci\u00f3n internacional, el fortalecimiento de la gobernanza local y la promoci\u00f3n del liderazgo femenino. Los temas abordados reflejan un compromiso claro con la innovaci\u00f3n p\u00fablica y la acci\u00f3n municipal efectiva frente a los desaf\u00edos globales y locales.<\/p>\n","protected":false},"excerpt":{"rendered":"<p>El municipio de San Mateo Atenco se convirti\u00f3 en el punto de encuentro de l\u00edderes locales de 21 pa\u00edses. Con la inauguraci\u00f3n del Seminario Internacional sobre Innovaci\u00f3n en Gobiernos Locales, autoridades municipales, organismos internacionales y expertos debatir\u00e1n sobre el papel de los gobiernos locales en el cumplimiento de los Objetivos de Desarrollo Sostenible (ODS). La [&hellip;]<\/p>\n","protected":false},"author":1,"featured_media":96535,"comment_status":"closed","ping_status":"closed","sticky":false,"template":"","format":"standard","meta":{"footnotes":""},"categories":[30,36],"tags":[],"class_list":["post-96531","post","type-post","status-publish","format-standard","has-post-thumbnail","hentry","category-destacado","category-edomex"],"_links":{"self":[{"href":"https:\/\/elinformante.mx\/index.php?rest_route=\/wp\/v2\/posts\/96531","targetHints":{"allow":["GET"]}}],"collection":[{"href":"https:\/\/elinformante.mx\/index.php?rest_route=\/wp\/v2\/posts"}],"about":[{"href":"https:\/\/elinformante.mx\/index.php?rest_route=\/wp\/v2\/types\/post"}],"author":[{"embeddable":true,"href":"https:\/\/elinformante.mx\/index.php?rest_route=\/wp\/v2\/users\/1"}],"replies":[{"embeddable":true,"href":"https:\/\/elinformante.mx\/index.php?rest_route=%2Fwp%2Fv2%2Fcomments&post=96531"}],"version-history":[{"count":0,"href":"https:\/\/elinformante.mx\/index.php?rest_route=\/wp\/v2\/posts\/96531\/revisions"}],"wp:featuredmedia":[{"embeddable":true,"href":"https:\/\/elinformante.mx\/index.php?rest_route=\/wp\/v2\/media\/96535"}],"wp:attachment":[{"href":"https:\/\/elinformante.mx\/index.php?rest_route=%2Fwp%2Fv2%2Fmedia&parent=96531"}],"wp:term":[{"taxonomy":"category","embeddable":true,"href":"https:\/\/elinformante.mx\/index.php?rest_route=%2Fwp%2Fv2%2Fcategories&post=96531"},{"taxonomy":"post_tag","embeddable":true,"href":"https:\/\/elinformante.mx\/index.php?rest_route=%2Fwp%2Fv2%2Ftags&post=96531"}],"curies":[{"name":"wp","href":"https:\/\/api.w.org\/{rel}","templated":true}]}}