{"id":96534,"date":"2025-11-25T05:50:31","date_gmt":"2025-11-25T11:50:31","guid":{"rendered":"https:\/\/elinformante.mx\/?p=96534"},"modified":"2025-11-25T05:50:36","modified_gmt":"2025-11-25T11:50:36","slug":"ieem-reflexiona-sobre-las-causas-que-afectan-la-permanencia-politica-de-las-mujeres","status":"publish","type":"post","link":"https:\/\/elinformante.mx\/?p=96534","title":{"rendered":"IEEM reflexiona sobre las causas que afectan la permanencia pol\u00edtica de las mujeres"},"content":{"rendered":"\n<figure class=\"wp-block-pullquote\"><blockquote><p>-Como parte de las actividades del OPPMEM, se realiz\u00f3 una conferencia magistral dirigida a mujeres que participan y ejercen liderazgo en la vida pol\u00edtica.<\/p><\/blockquote><\/figure>\n\n\n\n<p class=\"has-drop-cap\">La Consejera Presidenta del Instituto Electoral del Estado de M\u00e9xico (IEEM) y Presidenta del Observatorio de Participaci\u00f3n Pol\u00edtica de las Mujeres en el Estado de M\u00e9xico (OPPMEM), Amalia Pulido G\u00f3mez, se\u00f1al\u00f3 que, detr\u00e1s de cada renuncia de las mujeres a la vida pol\u00edtica, operan mecanismos sistem\u00e1ticos de exclusi\u00f3n, que van desde micromachismos hasta violencias abiertas, pasando por cuestionamientos a la capacidad y legitimidad, as\u00ed como el aislamiento, la desinformaci\u00f3n y el desgaste emocional, durante la Conferencia Magistral Discursos, resistencias y transformaciones: \u00bfPor qu\u00e9 las mujeres abandonan la pol\u00edtica?.<br><\/p>\n\n\n\n<p>Pulido G\u00f3mez se refiri\u00f3 a las razones que hacen que algunas mujeres se desistan de participar en pol\u00edtica. Explic\u00f3 que el an\u00e1lisis de estos mecanismos es esencial para desmontar la idea de que \u201cas\u00ed son las cosas\u201d, pues todo sistema social puede transformarse.<br><\/p>\n\n\n\n<p>Reconoci\u00f3 que surgen iniciativas y se forman redes de mujeres, como las impulsadas por el OPPMEM, donde se acompa\u00f1an procesos y se abren rutas para que ninguna mujer tenga que elegir entre la pol\u00edtica y una vida libre de violencia.<br><\/p>\n\n\n\n<p>Se\u00f1al\u00f3 que el Observatorio busca que la igualdad pase de ser aspiraci\u00f3n a convertirse en garant\u00eda, permitiendo que m\u00e1s mujeres lleguen y permanezcan en los espacios de poder con dignidad y respaldo institucional.<br><\/p>\n\n\n\n<p>La conferencia estuvo a cargo de la escritora, periodista y feminista Nuria Varela Men\u00e9ndez, quien, durante su exposici\u00f3n, apunt\u00f3 que, aunque las mujeres han logrado acceder a espacios de decisi\u00f3n tras siglos de exclusi\u00f3n educativa, pol\u00edtica y simb\u00f3lica, este camino sigue marcado por una falta de reconocimiento y autoridad.<br><\/p>\n\n\n\n<p>Varela Men\u00e9ndez puntualiz\u00f3 que las principales limitantes para el ejercicio efectivo del poder pol\u00edtico se encuentran en mecanismos persistentes y normalizados. Entre ellos mencion\u00f3 el techo de cristal, los pisos pegajosos y los escalones rotos, todos ellos formas estructurales e invisibles que frenan la trayectoria profesional y pol\u00edtica de las mujeres.<\/p>\n","protected":false},"excerpt":{"rendered":"<p>-Como parte de las actividades del OPPMEM, se realiz\u00f3 una conferencia magistral dirigida a mujeres que participan y ejercen liderazgo en la vida pol\u00edtica. La Consejera Presidenta del Instituto Electoral del Estado de M\u00e9xico (IEEM) y Presidenta del Observatorio de Participaci\u00f3n Pol\u00edtica de las Mujeres en el Estado de M\u00e9xico (OPPMEM), Amalia Pulido G\u00f3mez, se\u00f1al\u00f3 [&hellip;]<\/p>\n","protected":false},"author":1,"featured_media":96538,"comment_status":"closed","ping_status":"closed","sticky":false,"template":"","format":"standard","meta":{"footnotes":""},"categories":[36],"tags":[],"class_list":["post-96534","post","type-post","status-publish","format-standard","has-post-thumbnail","hentry","category-edomex"],"_links":{"self":[{"href":"https:\/\/elinformante.mx\/index.php?rest_route=\/wp\/v2\/posts\/96534","targetHints":{"allow":["GET"]}}],"collection":[{"href":"https:\/\/elinformante.mx\/index.php?rest_route=\/wp\/v2\/posts"}],"about":[{"href":"https:\/\/elinformante.mx\/index.php?rest_route=\/wp\/v2\/types\/post"}],"author":[{"embeddable":true,"href":"https:\/\/elinformante.mx\/index.php?rest_route=\/wp\/v2\/users\/1"}],"replies":[{"embeddable":true,"href":"https:\/\/elinformante.mx\/index.php?rest_route=%2Fwp%2Fv2%2Fcomments&post=96534"}],"version-history":[{"count":0,"href":"https:\/\/elinformante.mx\/index.php?rest_route=\/wp\/v2\/posts\/96534\/revisions"}],"wp:featuredmedia":[{"embeddable":true,"href":"https:\/\/elinformante.mx\/index.php?rest_route=\/wp\/v2\/media\/96538"}],"wp:attachment":[{"href":"https:\/\/elinformante.mx\/index.php?rest_route=%2Fwp%2Fv2%2Fmedia&parent=96534"}],"wp:term":[{"taxonomy":"category","embeddable":true,"href":"https:\/\/elinformante.mx\/index.php?rest_route=%2Fwp%2Fv2%2Fcategories&post=96534"},{"taxonomy":"post_tag","embeddable":true,"href":"https:\/\/elinformante.mx\/index.php?rest_route=%2Fwp%2Fv2%2Ftags&post=96534"}],"curies":[{"name":"wp","href":"https:\/\/api.w.org\/{rel}","templated":true}]}}