{"id":96543,"date":"2025-11-25T06:13:05","date_gmt":"2025-11-25T12:13:05","guid":{"rendered":"https:\/\/elinformante.mx\/?p=96543"},"modified":"2025-11-25T06:13:08","modified_gmt":"2025-11-25T12:13:08","slug":"reconoce-horacio-duarte-el-bienestar-animal-como-elemento-de-transformacion-en-edomex","status":"publish","type":"post","link":"https:\/\/elinformante.mx\/?p=96543","title":{"rendered":"Reconoce Horacio Duarte el bienestar animal como elemento de transformaci\u00f3n en Edom\u00e9x"},"content":{"rendered":"\n<figure class=\"wp-block-pullquote\"><blockquote><p>-Contin\u00faa el Gobierno del Estado de M\u00e9xico trabajando en el fortalecimiento de las pol\u00edticas p\u00fablicas para la protecci\u00f3n y el bienestar animal en la entidad.<\/p><\/blockquote><\/figure>\n\n\n\n<p class=\"has-drop-cap\">El gobierno de la maestra Delfina G\u00f3mez \u00c1lvarez inaugur\u00f3 el Segundo Foro de Prevenci\u00f3n del Maltrato Animal en el Edomex, en el que participaron expertos, integrantes de instituciones p\u00fablicas estatales y municipales, asociaciones civiles, universidades y la ciudadan\u00eda mexiquense.<br><\/p>\n\n\n\n<p>El secretario general de gobierno, Horacio Duarte Olivares, se\u00f1al\u00f3 que en el Estado de M\u00e9xico se<br><\/p>\n\n\n\n<p>trabaja con una visi\u00f3n integral donde el bienestar animal forma parte de la justicia, la seguridad y el desarrollo humano, por esa raz\u00f3n la entidad se consolida como ejemplo nacional, se\u00f1al\u00f3 en representaci\u00f3n de la gobernadora Delfina G\u00f3mez \u00c1lvarez.<br><\/p>\n\n\n\n<p>Durante el Segundo Foro, realizado en el Centro de Convenciones del Edomex, se impartieron cuatro conferencias sobre la prevenci\u00f3n, detecci\u00f3n y castigo del maltrato animal, las buenas pr\u00e1cticas y el cuidado responsable de los seres sintientes, las estrategias institucionales para el bienestar animal y un an\u00e1lisis del maltrato animal como antesala de la violencia social.<br><\/p>\n\n\n\n<p>\u201cCada acci\u00f3n, cada rescate, cada adopci\u00f3n, cada nueva pol\u00edtica p\u00fablica es un pelda\u00f1o que nos acerca a una sociedad m\u00e1s emp\u00e1tica, m\u00e1s justa y m\u00e1s consciente de la vida que nos rodea\u201d, se\u00f1al\u00f3 Alma Diana Tapia Maya, Directora General de la CEPANAF.<br><\/p>\n\n\n\n<p>En el Foro se instal\u00f3 un estand de adopci\u00f3n de michis y lomitos, donde Carlos Alberto Hern\u00e1ndez Leyva, Subsecretario de la Polic\u00eda Estatal mexiquense, declar\u00f3 que la prevenci\u00f3n social del delito no solo se limita al \u00e1mbito humano, sino que tambi\u00e9n se extiende a los seres sintientes, para lo que se requiere seguir trabajando de manera conjunta.<br><\/p>\n\n\n\n<p>Duarte Olivares record\u00f3 que en el Estado de M\u00e9xico ya se han implementado acciones de atenci\u00f3n a seres sintientes, como las Caravanas de Bienestar Animal, el Programa \u00c9tico de Control de la Sobrepoblaci\u00f3n Animal y la Estrategia CERA (Captura, Esteriliza, Educa, Resguarda y Adopta).<br><\/p>\n\n\n\n<p>Este Segundo Foro se llev\u00f3 a cabo gracias a la coordinaci\u00f3n instruida por la gobernadora Delfina G\u00f3mez \u00c1lvarez entre el Secretariado Ejecutivo del Sistema Estatal de Seguridad P\u00fablica, la Procuradur\u00eda de Protecci\u00f3n al Ambiente del Estado de M\u00e9xico (PROPAEM), la Comisi\u00f3n Estatal de Parques Naturales y de la Fauna (CEPANAF), as\u00ed como de diversas asociaciones civiles y la sociedad mexiquense.<br><\/p>\n\n\n\n<p>Al evento tambi\u00e9n asistieron Crist\u00f3bal Casta\u00f1eda Camarillo, Secretario de Seguridad del Estado de M\u00e9xico; Dilcya Garc\u00eda Espinoza de los Monteros, Fiscal Central para la Atenci\u00f3n de los Delitos Vinculados a la Violencia de G\u00e9nero y V\u00edctor Manuel Ben\u00edtez Hern\u00e1ndez, Encargado del Secretariado Ejecutivo del Sistema Estatal de Seguridad P\u00fablica.<\/p>\n","protected":false},"excerpt":{"rendered":"<p>-Contin\u00faa el Gobierno del Estado de M\u00e9xico trabajando en el fortalecimiento de las pol\u00edticas p\u00fablicas para la protecci\u00f3n y el bienestar animal en la entidad. El gobierno de la maestra Delfina G\u00f3mez \u00c1lvarez inaugur\u00f3 el Segundo Foro de Prevenci\u00f3n del Maltrato Animal en el Edomex, en el que participaron expertos, integrantes de instituciones p\u00fablicas estatales [&hellip;]<\/p>\n","protected":false},"author":1,"featured_media":96547,"comment_status":"closed","ping_status":"closed","sticky":false,"template":"","format":"standard","meta":{"footnotes":""},"categories":[30,36,31],"tags":[],"class_list":["post-96543","post","type-post","status-publish","format-standard","has-post-thumbnail","hentry","category-destacado","category-edomex","category-portada"],"_links":{"self":[{"href":"https:\/\/elinformante.mx\/index.php?rest_route=\/wp\/v2\/posts\/96543","targetHints":{"allow":["GET"]}}],"collection":[{"href":"https:\/\/elinformante.mx\/index.php?rest_route=\/wp\/v2\/posts"}],"about":[{"href":"https:\/\/elinformante.mx\/index.php?rest_route=\/wp\/v2\/types\/post"}],"author":[{"embeddable":true,"href":"https:\/\/elinformante.mx\/index.php?rest_route=\/wp\/v2\/users\/1"}],"replies":[{"embeddable":true,"href":"https:\/\/elinformante.mx\/index.php?rest_route=%2Fwp%2Fv2%2Fcomments&post=96543"}],"version-history":[{"count":0,"href":"https:\/\/elinformante.mx\/index.php?rest_route=\/wp\/v2\/posts\/96543\/revisions"}],"wp:featuredmedia":[{"embeddable":true,"href":"https:\/\/elinformante.mx\/index.php?rest_route=\/wp\/v2\/media\/96547"}],"wp:attachment":[{"href":"https:\/\/elinformante.mx\/index.php?rest_route=%2Fwp%2Fv2%2Fmedia&parent=96543"}],"wp:term":[{"taxonomy":"category","embeddable":true,"href":"https:\/\/elinformante.mx\/index.php?rest_route=%2Fwp%2Fv2%2Fcategories&post=96543"},{"taxonomy":"post_tag","embeddable":true,"href":"https:\/\/elinformante.mx\/index.php?rest_route=%2Fwp%2Fv2%2Ftags&post=96543"}],"curies":[{"name":"wp","href":"https:\/\/api.w.org\/{rel}","templated":true}]}}