{"id":96568,"date":"2025-11-25T06:46:56","date_gmt":"2025-11-25T12:46:56","guid":{"rendered":"https:\/\/elinformante.mx\/?p=96568"},"modified":"2025-11-25T06:46:58","modified_gmt":"2025-11-25T12:46:58","slug":"transportistas","status":"publish","type":"post","link":"https:\/\/elinformante.mx\/?p=96568","title":{"rendered":"TRANSPORTISTAS"},"content":{"rendered":"\n<figure class=\"wp-block-pullquote\"><blockquote><p><strong>Por: Jos\u00e9 Fonseca<\/strong><\/p><\/blockquote><\/figure>\n\n\n\n<p class=\"has-drop-cap\">Si est\u00e1 abierta la mesa de trabajo para dialogar con los transportistas, dijo la titular de Gobernaci\u00f3n Rosa Icela Rodr\u00edguez, no hay raz\u00f3n para los bloqueos, pero tambi\u00e9n qued\u00f3 claro que el Gobierno los mete en un paquete, a pesar de que son distintas las motivaciones de cada agrupaci\u00f3n.<br><\/p>\n\n\n\n<p>Cierto, es el precio de la concentraci\u00f3n del poder, pero \u00bfqu\u00e9 tal mesas de trabajo regionales? Es posible que, si no se resuelve el problema, se pacten soluciones parciales.<br><\/p>\n\n\n\n<p>El camino no es advertirles que los bloqueos violan la ley y abrir expedientes por presuntas motivaciones pol\u00edticas, a menos que el Gobierno se disponga a enjuiciar l\u00edderes de transportistas y miembros de partidos pol\u00edticos, lo cual en realidad significa reprimir.<br><\/p>\n\n\n\n<h2 class=\"wp-block-heading\">Tiempo para la soberan\u00eda alimentaria<br><\/h2>\n\n\n\n<p>Las circunstancias obligan al Gobierno de la Rep\u00fablica a posponer la loable aspiraci\u00f3n de tener soberan\u00eda alimentaria, pues la producci\u00f3n no alcanza para atender la demanda de granos de la poblaci\u00f3n.<br><\/p>\n\n\n\n<p>Entre enero y octubre, las compras de ma\u00edz casi se han triplicado, al pasar de 216 mil toneladas en el mismo periodo del a\u00f1o pasado a 840 mil toneladas en 2025.<br><\/p>\n\n\n\n<p>M\u00e9xico se mantiene como el segundo mayor importador de granos y oleaginosas y el primer comprador de ma\u00edz del mundo. Y, como usted supone, para Estados Unidos somos su principal comprador.<br><\/p>\n\n\n\n<h2 class=\"wp-block-heading\">Ah, las pulsiones autoritarias<br><\/h2>\n\n\n\n<p>A iniciativa de la consejer\u00eda jur\u00eddica de la Presidencia, en la ley para sancionar la extorsi\u00f3n se incluy\u00f3 acusar medios de comunicaci\u00f3n masivos de comunicaci\u00f3n y castigar con pena de c\u00e1rcel autom\u00e1tica.<br><\/p>\n\n\n\n<p>En el Senado la detectaron y eliminaron la cl\u00e1usula; la iniciativa se devolvi\u00f3 a diputados y se elimin\u00f3 una espada de Damocles sobre conductores y medios de comunicaci\u00f3n.<br><\/p>\n\n\n\n<p>No es la primera vez que de la consejer\u00eda jur\u00eddica de la Presidencia se mandan controversiales iniciativas que luego son reconsideradas. Inexplicables tales pulsiones de autoritarismo.<br><\/p>\n\n\n\n<h2 class=\"wp-block-heading\">Notas en remolino<br><\/h2>\n\n\n\n<p>Ayer estuvo en Palacio el empresario Carlos Slim, quien recibido por la Presidenta Claudia Sheinbaum \u2026 Era de esperarse, la CNTE, con la rijosa secci\u00f3n 22 de Oaxaca a la cabeza, dijeron que \u201csabotear\u00e1n\u201d los eventos de la Presidenta. Esa s\u00ed es una provocaci\u00f3n \u2026 Ha sido detenido en Michoac\u00e1n el autor intelectual del asesinado de Carlos Manzo, alcalde de Uruapan, un comando en la entidad del c\u00e1rtel CJNG, y el gobernador Alfredo Ram\u00edrez Bedolla dice que hay sospechas del crimen organizado \u2026 Se autoriz\u00f3 el env\u00edo de 12 soldados de las fuerzas especiales mexicanas para recibir cursos en el centro de entrenamiento de las fuerzas especiales de Estados Unidos \u2026 Interesante el aforismo de la periodista macedonia Ljupka Cvetanov: \u201cRepite una mentira mil veces y se convierte en una exitosa campa\u00f1a\u201d \u2026<\/p>\n","protected":false},"excerpt":{"rendered":"<p>Por: Jos\u00e9 Fonseca Si est\u00e1 abierta la mesa de trabajo para dialogar con los transportistas, dijo la titular de Gobernaci\u00f3n Rosa Icela Rodr\u00edguez, no hay raz\u00f3n para los bloqueos, pero tambi\u00e9n qued\u00f3 claro que el Gobierno los mete en un paquete, a pesar de que son distintas las motivaciones de cada agrupaci\u00f3n. Cierto, es el [&hellip;]<\/p>\n","protected":false},"author":1,"featured_media":96571,"comment_status":"closed","ping_status":"closed","sticky":false,"template":"","format":"standard","meta":{"footnotes":""},"categories":[32],"tags":[],"class_list":["post-96568","post","type-post","status-publish","format-standard","has-post-thumbnail","hentry","category-editorial"],"_links":{"self":[{"href":"https:\/\/elinformante.mx\/index.php?rest_route=\/wp\/v2\/posts\/96568","targetHints":{"allow":["GET"]}}],"collection":[{"href":"https:\/\/elinformante.mx\/index.php?rest_route=\/wp\/v2\/posts"}],"about":[{"href":"https:\/\/elinformante.mx\/index.php?rest_route=\/wp\/v2\/types\/post"}],"author":[{"embeddable":true,"href":"https:\/\/elinformante.mx\/index.php?rest_route=\/wp\/v2\/users\/1"}],"replies":[{"embeddable":true,"href":"https:\/\/elinformante.mx\/index.php?rest_route=%2Fwp%2Fv2%2Fcomments&post=96568"}],"version-history":[{"count":0,"href":"https:\/\/elinformante.mx\/index.php?rest_route=\/wp\/v2\/posts\/96568\/revisions"}],"wp:featuredmedia":[{"embeddable":true,"href":"https:\/\/elinformante.mx\/index.php?rest_route=\/wp\/v2\/media\/96571"}],"wp:attachment":[{"href":"https:\/\/elinformante.mx\/index.php?rest_route=%2Fwp%2Fv2%2Fmedia&parent=96568"}],"wp:term":[{"taxonomy":"category","embeddable":true,"href":"https:\/\/elinformante.mx\/index.php?rest_route=%2Fwp%2Fv2%2Fcategories&post=96568"},{"taxonomy":"post_tag","embeddable":true,"href":"https:\/\/elinformante.mx\/index.php?rest_route=%2Fwp%2Fv2%2Ftags&post=96568"}],"curies":[{"name":"wp","href":"https:\/\/api.w.org\/{rel}","templated":true}]}}