{"id":96603,"date":"2025-11-26T06:37:27","date_gmt":"2025-11-26T12:37:27","guid":{"rendered":"https:\/\/elinformante.mx\/?p=96603"},"modified":"2025-11-26T06:37:32","modified_gmt":"2025-11-26T12:37:32","slug":"fernando-flores-entrega-arcotecho-en-cbtis-203-en-metepec","status":"publish","type":"post","link":"https:\/\/elinformante.mx\/?p=96603","title":{"rendered":"Fernando Flores entrega arcotecho en CBTIS 203 en Metepec"},"content":{"rendered":"\n<figure class=\"wp-block-pullquote\"><blockquote><p>Se\u00f1al\u00f3 que la entrega del arcotecho refleja el compromiso de seguir mejorando las escuelas del municipio. <\/p><\/blockquote><\/figure>\n\n\n\n<p class=\"has-drop-cap\">El presidente municipal de Metepec, Fernando Flores Fern\u00e1ndez, encabez\u00f3 la entrega del arcotecho del \u00e1rea de usos m\u00faltiples en el CBTIS 203, cumpliendo as\u00ed un compromiso m\u00e1s con la comunidad estudiantil.<br><\/p>\n\n\n\n<p>Durante la entrega, subray\u00f3 la importancia de invertir en infraestructura escolar; se\u00f1al\u00f3 que esta nueva \u00e1rea de usos m\u00faltiples en el CBTIS 203 servir\u00e1 a cientos de chavos para estudiar, convivir y hacer deporte sin preocuparse por el sol o la lluvia.<br><\/p>\n\n\n\n<figure class=\"wp-block-image size-large\"><img fetchpriority=\"high\" decoding=\"async\" width=\"1024\" height=\"506\" src=\"https:\/\/elinformante.mx\/wp-content\/uploads\/2025\/11\/12metepec-1-1024x506.jpg\" alt=\"\" class=\"wp-image-96607\" srcset=\"https:\/\/elinformante.mx\/wp-content\/uploads\/2025\/11\/12metepec-1-1024x506.jpg 1024w, https:\/\/elinformante.mx\/wp-content\/uploads\/2025\/11\/12metepec-1-300x148.jpg 300w, https:\/\/elinformante.mx\/wp-content\/uploads\/2025\/11\/12metepec-1-768x379.jpg 768w, https:\/\/elinformante.mx\/wp-content\/uploads\/2025\/11\/12metepec-1.jpg 1140w\" sizes=\"(max-width: 1024px) 100vw, 1024px\" \/><\/figure>\n\n\n\n<p>La obra no solo protege de las inclemencias del tiempo, tambi\u00e9n se convierte en un punto de encuentro para la comunidad estudiantil. Con este espacio, busca fortalecer la convivencia y dar a los j\u00f3venes un lugar seguro y funcional.<br><\/p>\n\n\n\n<p>Flores Fern\u00e1ndez se\u00f1al\u00f3 que la entrega del arcotecho refleja el compromiso de seguir mejorando las escuelas del municipio. Es un paso m\u00e1s en la construcci\u00f3n de un Metepec que apuesta por su juventud y por brindarles espacios que acompa\u00f1en su desarrollo acad\u00e9mico y personal.<br><\/p>\n\n\n\n<p>Con esta acci\u00f3n, la administraci\u00f3n local busca dignificar los espacios educativos y promover un ambiente m\u00e1s seguro y c\u00f3modo para los j\u00f3venes.<\/p>\n","protected":false},"excerpt":{"rendered":"<p>Se\u00f1al\u00f3 que la entrega del arcotecho refleja el compromiso de seguir mejorando las escuelas del municipio. El presidente municipal de Metepec, Fernando Flores Fern\u00e1ndez, encabez\u00f3 la entrega del arcotecho del \u00e1rea de usos m\u00faltiples en el CBTIS 203, cumpliendo as\u00ed un compromiso m\u00e1s con la comunidad estudiantil. Durante la entrega, subray\u00f3 la importancia de invertir [&hellip;]<\/p>\n","protected":false},"author":1,"featured_media":96606,"comment_status":"closed","ping_status":"closed","sticky":false,"template":"","format":"standard","meta":{"footnotes":""},"categories":[36],"tags":[],"class_list":["post-96603","post","type-post","status-publish","format-standard","has-post-thumbnail","hentry","category-edomex"],"_links":{"self":[{"href":"https:\/\/elinformante.mx\/index.php?rest_route=\/wp\/v2\/posts\/96603","targetHints":{"allow":["GET"]}}],"collection":[{"href":"https:\/\/elinformante.mx\/index.php?rest_route=\/wp\/v2\/posts"}],"about":[{"href":"https:\/\/elinformante.mx\/index.php?rest_route=\/wp\/v2\/types\/post"}],"author":[{"embeddable":true,"href":"https:\/\/elinformante.mx\/index.php?rest_route=\/wp\/v2\/users\/1"}],"replies":[{"embeddable":true,"href":"https:\/\/elinformante.mx\/index.php?rest_route=%2Fwp%2Fv2%2Fcomments&post=96603"}],"version-history":[{"count":0,"href":"https:\/\/elinformante.mx\/index.php?rest_route=\/wp\/v2\/posts\/96603\/revisions"}],"wp:featuredmedia":[{"embeddable":true,"href":"https:\/\/elinformante.mx\/index.php?rest_route=\/wp\/v2\/media\/96606"}],"wp:attachment":[{"href":"https:\/\/elinformante.mx\/index.php?rest_route=%2Fwp%2Fv2%2Fmedia&parent=96603"}],"wp:term":[{"taxonomy":"category","embeddable":true,"href":"https:\/\/elinformante.mx\/index.php?rest_route=%2Fwp%2Fv2%2Fcategories&post=96603"},{"taxonomy":"post_tag","embeddable":true,"href":"https:\/\/elinformante.mx\/index.php?rest_route=%2Fwp%2Fv2%2Ftags&post=96603"}],"curies":[{"name":"wp","href":"https:\/\/api.w.org\/{rel}","templated":true}]}}