{"id":96605,"date":"2025-11-26T06:42:10","date_gmt":"2025-11-26T12:42:10","guid":{"rendered":"https:\/\/elinformante.mx\/?p=96605"},"modified":"2025-11-26T06:42:17","modified_gmt":"2025-11-26T12:42:17","slug":"naucalpan-primer-municipio-que-se-suma-al-mundial-social-mexico-2026","status":"publish","type":"post","link":"https:\/\/elinformante.mx\/?p=96605","title":{"rendered":"Naucalpan primer municipio que se suma al Mundial Social M\u00e9xico 2026"},"content":{"rendered":"\n<figure class=\"wp-block-pullquote\"><blockquote><p>-Se realizar\u00e1n diversas acciones, recuperaciones de canchas y rescate de espacios p\u00fablicos.<\/p><\/blockquote><\/figure>\n\n\n\n<p class=\"has-drop-cap\">El municipio de Naucalpan es el primero en sumarse al Mundial Social M\u00e9xico 2026, iniciativa impulsada por la presidenta de M\u00e9xico, Claudia Sheinbaum Pardo, mediante una serie de proyectos y actividades, como la recuperaci\u00f3n de 10 canchas, adem\u00e1s de rescatar espacios p\u00fablicos.<br><\/p>\n\n\n\n<p>Estas acciones se llevar\u00e1n a cabo a partir del pr\u00f3ximo a\u00f1o, y tienen el fin de dejar un legado deportivo, mostrar la cultura y los sitios emblem\u00e1ticos del municipio; as\u00ed lo dio a conocer el presidente municipal Isaac Montoya M\u00e1rquez.<br><\/p>\n\n\n\n<p>Montoya M\u00e1rquez inform\u00f3 que se tiene proyectado que se llegue a unos 5 millones 500 mil visitantes, esto durante el Mundial 2026. Por lo cual el municipio se suma a la convocatoria de la presidenta de M\u00e9xico, para aprovechar este marco y apostarle a la regeneraci\u00f3n urbana, del tejido social, sobre todo en las comunidades m\u00e1s rezagadas, por lo que se realizar\u00e1n una serie de intervenciones el siguiente a\u00f1o.<br><\/p>\n\n\n\n<p>Se\u00f1al\u00f3 que, al sumarme a la iniciativa, durante el siguiente a\u00f1o se rehabilitan espacios p\u00fablicos y comunitarios con materiales de alta duraci\u00f3n, principalmente conversiones de campos de f\u00fatbol, como la cancha de f\u00fatbol 11, en la colonia Alfredo V. Bonfil para dejarlos en condiciones dignas para la pr\u00e1ctica deportiva. Tambi\u00e9n se habilitar\u00e1 el entorno de los campos y los parques para impulsar la activaci\u00f3n f\u00edsica.<br><\/p>\n\n\n\n<p>En presencia del titular de Turismo, Administraci\u00f3n, Desarrollo Urbano y de la subdirectora del IMCUFIDEN y el IMNIS, refiri\u00f3 que se trata de ofrecer mejores condiciones y m\u00e1s espacios para una convivencia libre y segura.<br><\/p>\n\n\n\n<figure class=\"wp-block-image size-large\"><img fetchpriority=\"high\" decoding=\"async\" width=\"1024\" height=\"506\" src=\"https:\/\/elinformante.mx\/wp-content\/uploads\/2025\/11\/12naucalpan-2-7-1024x506.jpg\" alt=\"\" class=\"wp-image-96611\" srcset=\"https:\/\/elinformante.mx\/wp-content\/uploads\/2025\/11\/12naucalpan-2-7-1024x506.jpg 1024w, https:\/\/elinformante.mx\/wp-content\/uploads\/2025\/11\/12naucalpan-2-7-300x148.jpg 300w, https:\/\/elinformante.mx\/wp-content\/uploads\/2025\/11\/12naucalpan-2-7-768x379.jpg 768w, https:\/\/elinformante.mx\/wp-content\/uploads\/2025\/11\/12naucalpan-2-7.jpg 1140w\" sizes=\"(max-width: 1024px) 100vw, 1024px\" \/><\/figure>\n\n\n\n<p>Inform\u00f3 que junto con la SEP, en las escuelas se realizar\u00e1n murales. Tambi\u00e9n se convocar\u00e1 a todas las ligas de las comunidades y escuelas para realizar un torneo.<br><\/p>\n\n\n\n<p>Se\u00f1al\u00f3 que se tiene proyectada tener una gran afluencia tur\u00edstica, por lo que Naucalpan est\u00e1 contemplado como un municipio de turismo de reuni\u00f3n; para ello se crear\u00e1 una Polic\u00eda Tur\u00edstica, que acompa\u00f1ar\u00e1 y ayudar\u00e1 a los visitantes en lo que requieran.<br><\/p>\n\n\n\n<p>Mencion\u00f3 que Naucalpan cuenta con una gran riqueza cultural, como Los Remedios y el Parque Naucalli. Y por su ubicaci\u00f3n estrat\u00e9gica, es un sitio requerido; contamos con una vialidad principal que conecta directamente con el Estadio Azteca como lo es el Perif\u00e9rico Manuel \u00c1vila Camacho.<br><\/p>\n\n\n\n<p>Montoya M\u00e1rquez inform\u00f3 que en el marco del 25 de noviembre, D\u00eda Internacional de la Eliminaci\u00f3n de la Violencia contra la Mujer, adelant\u00f3 se inaugurar\u00e1 el segundo Centro Libre Naucalpan.<br><\/p>\n\n\n\n<p>Detall\u00f3 diversos avances para la atenci\u00f3n de las naucalpenses, subray\u00f3 que Naucalpan es el primer municipio del Estado de M\u00e9xico en certificar a m\u00e1s de 120 servidoras y servidores p\u00fablicos en atenci\u00f3n de primer contacto.<\/p>\n","protected":false},"excerpt":{"rendered":"<p>-Se realizar\u00e1n diversas acciones, recuperaciones de canchas y rescate de espacios p\u00fablicos. El municipio de Naucalpan es el primero en sumarse al Mundial Social M\u00e9xico 2026, iniciativa impulsada por la presidenta de M\u00e9xico, Claudia Sheinbaum Pardo, mediante una serie de proyectos y actividades, como la recuperaci\u00f3n de 10 canchas, adem\u00e1s de rescatar espacios p\u00fablicos. Estas [&hellip;]<\/p>\n","protected":false},"author":1,"featured_media":96609,"comment_status":"closed","ping_status":"closed","sticky":false,"template":"","format":"standard","meta":{"footnotes":""},"categories":[30,36],"tags":[],"class_list":["post-96605","post","type-post","status-publish","format-standard","has-post-thumbnail","hentry","category-destacado","category-edomex"],"_links":{"self":[{"href":"https:\/\/elinformante.mx\/index.php?rest_route=\/wp\/v2\/posts\/96605","targetHints":{"allow":["GET"]}}],"collection":[{"href":"https:\/\/elinformante.mx\/index.php?rest_route=\/wp\/v2\/posts"}],"about":[{"href":"https:\/\/elinformante.mx\/index.php?rest_route=\/wp\/v2\/types\/post"}],"author":[{"embeddable":true,"href":"https:\/\/elinformante.mx\/index.php?rest_route=\/wp\/v2\/users\/1"}],"replies":[{"embeddable":true,"href":"https:\/\/elinformante.mx\/index.php?rest_route=%2Fwp%2Fv2%2Fcomments&post=96605"}],"version-history":[{"count":0,"href":"https:\/\/elinformante.mx\/index.php?rest_route=\/wp\/v2\/posts\/96605\/revisions"}],"wp:featuredmedia":[{"embeddable":true,"href":"https:\/\/elinformante.mx\/index.php?rest_route=\/wp\/v2\/media\/96609"}],"wp:attachment":[{"href":"https:\/\/elinformante.mx\/index.php?rest_route=%2Fwp%2Fv2%2Fmedia&parent=96605"}],"wp:term":[{"taxonomy":"category","embeddable":true,"href":"https:\/\/elinformante.mx\/index.php?rest_route=%2Fwp%2Fv2%2Fcategories&post=96605"},{"taxonomy":"post_tag","embeddable":true,"href":"https:\/\/elinformante.mx\/index.php?rest_route=%2Fwp%2Fv2%2Ftags&post=96605"}],"curies":[{"name":"wp","href":"https:\/\/api.w.org\/{rel}","templated":true}]}}