{"id":96612,"date":"2025-11-26T06:51:43","date_gmt":"2025-11-26T12:51:43","guid":{"rendered":"https:\/\/elinformante.mx\/?p=96612"},"modified":"2025-11-26T06:51:50","modified_gmt":"2025-11-26T12:51:50","slug":"inicia-ieem-16-dias-de-activismo-contra-la-violencia-de-genero","status":"publish","type":"post","link":"https:\/\/elinformante.mx\/?p=96612","title":{"rendered":"Inicia IEEM 16 d\u00edas de activismo contra la violencia de g\u00e9nero"},"content":{"rendered":"\n<figure class=\"wp-block-pullquote\"><blockquote><p>-Las actividades programadas por el IEEM podr\u00e1n seguirse a trav\u00e9s de sus redes sociales.<\/p><\/blockquote><\/figure>\n\n\n\n<p class=\"has-drop-cap\">A trav\u00e9s de un espacio orientado a fortalecer los conocimientos en seguridad digital y fomentar la reflexi\u00f3n sobre las distintas formas de violencia que se registran en l\u00ednea, el Instituto Electoral del Estado de M\u00e9xico (IEEM) dio inicio con las actividades de los 16 D\u00edas de Activismo contra la Violencia de G\u00e9nero.<br><\/p>\n\n\n\n<p>Al inicio del taller Transitar en redes: estrategias de autocuidado en el espacio digital, la Consejera Electoral del IEEM Karina Ivonne Vaquera Montoya, afirm\u00f3 que la capacitaci\u00f3n continua en estos temas permite a las personas usuarias de las redes sociales identificar y comprender las m\u00faltiples expresiones de violencia que persisten en la sociedad, adem\u00e1s de contribuir a construir nuevas masculinidades, relaciones m\u00e1s igualitarias y entornos libres de violencia dentro y fuera del servicio p\u00fablico.<br><\/p>\n\n\n\n<p>Subray\u00f3 que estos talleres constituyen parte de la labor esencial del IEEM para sensibilizar a su personal y a la sociedad en general, pues tanto mujeres como hombres pueden ser v\u00edctimas de agresiones, incluida la violencia digital.<br><\/p>\n\n\n\n<p>El taller impartido por la especialista en g\u00e9nero, feminismos y violencias digitales, Miriam de Jes\u00fas Mendoza Alarc\u00f3n, plante\u00f3 una reflexi\u00f3n sobre la forma en que las violencias han transitado de los espacios f\u00edsicos a los entornos digitales, transform\u00e1ndose o ampli\u00e1ndose en las pantallas.<br><\/p>\n\n\n\n<p>Durante su exposici\u00f3n, Mendoza Alarc\u00f3n explic\u00f3 que la digitalizaci\u00f3n acelerada por la pandemia traslad\u00f3 actividades como compras, relaciones personales y educaci\u00f3n al entorno en l\u00ednea, creando nuevos riesgos como el sexting sin consentimiento, que se vuelve violento cuando vulnera la privacidad; el ciberacoso, basado en mensajes o im\u00e1genes que buscan hostigar o humillar; el grooming, donde una persona adulta enga\u00f1a a ni\u00f1as, ni\u00f1os o adolescentes con fines sexuales; y el sharenting, que implica la sobreexposici\u00f3n de menores en internet.<br><\/p>\n\n\n\n<p>Se\u00f1al\u00f3 que, aunque la mayor\u00eda de las personas utiliza m\u00faltiples redes sociales y aplicaciones, persiste un amplio desconocimiento sobre sus t\u00e9rminos de uso, mecanismos de privacidad y pol\u00edticas de protecci\u00f3n de datos. Frente a ello, enfatiz\u00f3 la necesidad de adoptar estrategias de autocuidado digital para navegar de manera m\u00e1s segura, informada y consciente. De igual manera, comparti\u00f3 conceptos b\u00e1sicos y consejos para facilitar la identificaci\u00f3n de este tipo de violencia, adem\u00e1s de diversos medios de denuncias.<br><\/p>\n\n\n\n<p>La Consejera Electoral Flor Angeli Vieyra V\u00e1zquez destac\u00f3 que lo digital tiene efectos reales porque tanto los mensajes positivos como las agresiones en l\u00ednea impactan directamente en las emociones y en la salud psicol\u00f3gica de las personas. Se\u00f1al\u00f3 que los movimientos feministas y aliados han sido clave para visibilizar estas violencias, y que durante la pandemia el activismo digital permiti\u00f3 impulsar avances como la Ley Olimpia y la Ley Ingrid.<br><\/p>\n\n\n\n<p>Finalmente, enfatiz\u00f3 que prevenir la violencia digital requiere documentar, analizar y asumir responsabilidad en todos los espacios, incluidos lo que compartimos en redes y lo que guardamos en nuestros dispositivos.<br><\/p>\n\n\n\n<p>Cabe destacar que parte de las actividades programadas para los 16 D\u00edas de Activismo del IEEM podr\u00e1n seguirse tanto de forma presencial como virtual en las redes sociales del Instituto.<\/p>\n","protected":false},"excerpt":{"rendered":"<p>-Las actividades programadas por el IEEM podr\u00e1n seguirse a trav\u00e9s de sus redes sociales. A trav\u00e9s de un espacio orientado a fortalecer los conocimientos en seguridad digital y fomentar la reflexi\u00f3n sobre las distintas formas de violencia que se registran en l\u00ednea, el Instituto Electoral del Estado de M\u00e9xico (IEEM) dio inicio con las actividades [&hellip;]<\/p>\n","protected":false},"author":1,"featured_media":96618,"comment_status":"closed","ping_status":"closed","sticky":false,"template":"","format":"standard","meta":{"footnotes":""},"categories":[36],"tags":[],"class_list":["post-96612","post","type-post","status-publish","format-standard","has-post-thumbnail","hentry","category-edomex"],"_links":{"self":[{"href":"https:\/\/elinformante.mx\/index.php?rest_route=\/wp\/v2\/posts\/96612","targetHints":{"allow":["GET"]}}],"collection":[{"href":"https:\/\/elinformante.mx\/index.php?rest_route=\/wp\/v2\/posts"}],"about":[{"href":"https:\/\/elinformante.mx\/index.php?rest_route=\/wp\/v2\/types\/post"}],"author":[{"embeddable":true,"href":"https:\/\/elinformante.mx\/index.php?rest_route=\/wp\/v2\/users\/1"}],"replies":[{"embeddable":true,"href":"https:\/\/elinformante.mx\/index.php?rest_route=%2Fwp%2Fv2%2Fcomments&post=96612"}],"version-history":[{"count":0,"href":"https:\/\/elinformante.mx\/index.php?rest_route=\/wp\/v2\/posts\/96612\/revisions"}],"wp:featuredmedia":[{"embeddable":true,"href":"https:\/\/elinformante.mx\/index.php?rest_route=\/wp\/v2\/media\/96618"}],"wp:attachment":[{"href":"https:\/\/elinformante.mx\/index.php?rest_route=%2Fwp%2Fv2%2Fmedia&parent=96612"}],"wp:term":[{"taxonomy":"category","embeddable":true,"href":"https:\/\/elinformante.mx\/index.php?rest_route=%2Fwp%2Fv2%2Fcategories&post=96612"},{"taxonomy":"post_tag","embeddable":true,"href":"https:\/\/elinformante.mx\/index.php?rest_route=%2Fwp%2Fv2%2Ftags&post=96612"}],"curies":[{"name":"wp","href":"https:\/\/api.w.org\/{rel}","templated":true}]}}