{"id":96617,"date":"2025-11-26T06:53:09","date_gmt":"2025-11-26T12:53:09","guid":{"rendered":"https:\/\/elinformante.mx\/?p=96617"},"modified":"2025-11-26T06:53:15","modified_gmt":"2025-11-26T12:53:15","slug":"la-uaemex-debe-ser-un-espacio-de-paz-seguridad-cuidados-justicia-y-dignidad-paty-zarza","status":"publish","type":"post","link":"https:\/\/elinformante.mx\/?p=96617","title":{"rendered":"La UAEM\u00e9x debe ser un espacio de paz, seguridad, cuidados, justicia y dignidad: Paty Zarza"},"content":{"rendered":"\n<figure class=\"wp-block-pullquote\"><blockquote><p>-La rectora asever\u00f3 que su administraci\u00f3n se ha comprometido a consolidar a la UAEM\u00e9x como un pilar social de transformaci\u00f3n humanista, con la creaci\u00f3n de la nueva Secretar\u00eda de Igualdad Sustantiva y Cuidados.<\/p><\/blockquote><\/figure>\n\n\n\n<p class=\"has-drop-cap\">\u201cHoy, m\u00e1s que nunca, las mujeres debemos estar unidas y demostrar que la historia la construimos todas. En la Universidad Aut\u00f3noma del Estado de M\u00e9xico (UAEM\u00e9x) nos queremos vivas, libres y aut\u00f3nomas\u201d, destac\u00f3 la rectora Martha Patricia Zarza Delgado, en el marco del D\u00eda Internacional para la Eliminaci\u00f3n de la Violencia contra la Mujer e inicio de las jornadas establecidas por los 16 d\u00edas de activismo.<br><\/p>\n\n\n\n<p>Acompa\u00f1ada de la secretaria de Igualdad Sustantiva y Cuidados, Miriam S\u00e1nchez \u00c1ngeles; el secretario de Centros Universitarios y Unidades Acad\u00e9micas Profesionales, Jos\u00e9 Guadalupe Miranda Hern\u00e1ndez, y el presidente municipal de Huehuetoca, Juan Manuel L\u00f3pez Ad\u00e1n, Zarza Delgado coment\u00f3 que la violencia contra las mujeres es un fen\u00f3meno que ocurre porque existen entornos que la permiten, condiciones que la propician y silencios que la sostienen.<br><\/p>\n\n\n\n<p>En la Unidad Acad\u00e9mica Profesional Huehuetoca, la rectora resalt\u00f3 que, en un contexto global actual donde las mujeres siguen siendo violentadas y acosadas, la Aut\u00f3noma mexiquense debe garantizar entornos seguros, donde ninguna estudiante, docente o trabajadora sea objeto de acoso, hostigamiento, agresi\u00f3n o cualquier acto que atente contra su integridad, pues esta instituci\u00f3n tiene la gran responsabilidad de actuar con \u00e9tica y humanismo, al crear espacios de paz, seguridad, cuidados y justicia.<br><\/p>\n\n\n\n<p>Asever\u00f3 que su administraci\u00f3n se ha comprometido a consolidar a la M\u00e1xima Casa de Estudios mexiquense como un pilar social de transformaci\u00f3n humanista, con la creaci\u00f3n de la nueva Secretar\u00eda de Igualdad Sustantiva y Cuidados, la actualizaci\u00f3n y operaci\u00f3n de protocolos de atenci\u00f3n en el ejercicio de la Reforma Universitaria, generaci\u00f3n de campa\u00f1as permanentes y programas de sensibilizaci\u00f3n, capacitaci\u00f3n y profesionalizaci\u00f3n, as\u00ed como la articulaci\u00f3n con organismos especializados, investigadoras, investigadores, colectivas y asociaciones civiles.<br><\/p>\n\n\n\n<p>Ante el coordinador de este espacio acad\u00e9mico, Christian Bucio Pacheco, la secretaria de Igualdad Sustantiva y Cuidados, Miriam S\u00e1nchez \u00c1ngeles, resalt\u00f3 que bajo el lema \u201c\u00daNETE para poner fin a la violencia contra las mujeres y las ni\u00f1as\u201d, esta campa\u00f1a internacional convoca a reflexionar y actuar frente a las m\u00faltiples violencias que persisten en las sociedades, por lo que la UAEM\u00e9x, como instituci\u00f3n p\u00fablica comprometida con los derechos humanos, asume esta responsabilidad de sensibilizaci\u00f3n como parte integral de su pol\u00edtica de igualdad sustantiva, inclusi\u00f3n y cuidado.<br><\/p>\n\n\n\n<p>Detall\u00f3 que la Aut\u00f3noma mexiquense pondr\u00e1 a disposici\u00f3n de toda su comunidad una amplia agenda de actividades dise\u00f1adas para el aprendizaje colectivo, dando un paso firme hacia la construcci\u00f3n de una universidad que escucha, acompa\u00f1a y genera las condiciones para que todas las personas puedan desarrollarse plenamente.<br><\/p>\n\n\n\n<p>En el arranque de las actividades programadas para los 16 d\u00edas de activismo, se realiz\u00f3 la puesta en escena de teatro documental \u201cMujeres de arena\u201d, a cargo de la compa\u00f1\u00eda \u201cEl otro teatro\u201d, que aborda la tem\u00e1tica de los feminicidios en Ciudad Ju\u00e1rez, Chihuahua.<\/p>\n","protected":false},"excerpt":{"rendered":"<p>-La rectora asever\u00f3 que su administraci\u00f3n se ha comprometido a consolidar a la UAEM\u00e9x como un pilar social de transformaci\u00f3n humanista, con la creaci\u00f3n de la nueva Secretar\u00eda de Igualdad Sustantiva y Cuidados. \u201cHoy, m\u00e1s que nunca, las mujeres debemos estar unidas y demostrar que la historia la construimos todas. En la Universidad Aut\u00f3noma del [&hellip;]<\/p>\n","protected":false},"author":1,"featured_media":96620,"comment_status":"closed","ping_status":"closed","sticky":false,"template":"","format":"standard","meta":{"footnotes":""},"categories":[30,36],"tags":[],"class_list":["post-96617","post","type-post","status-publish","format-standard","has-post-thumbnail","hentry","category-destacado","category-edomex"],"_links":{"self":[{"href":"https:\/\/elinformante.mx\/index.php?rest_route=\/wp\/v2\/posts\/96617","targetHints":{"allow":["GET"]}}],"collection":[{"href":"https:\/\/elinformante.mx\/index.php?rest_route=\/wp\/v2\/posts"}],"about":[{"href":"https:\/\/elinformante.mx\/index.php?rest_route=\/wp\/v2\/types\/post"}],"author":[{"embeddable":true,"href":"https:\/\/elinformante.mx\/index.php?rest_route=\/wp\/v2\/users\/1"}],"replies":[{"embeddable":true,"href":"https:\/\/elinformante.mx\/index.php?rest_route=%2Fwp%2Fv2%2Fcomments&post=96617"}],"version-history":[{"count":0,"href":"https:\/\/elinformante.mx\/index.php?rest_route=\/wp\/v2\/posts\/96617\/revisions"}],"wp:featuredmedia":[{"embeddable":true,"href":"https:\/\/elinformante.mx\/index.php?rest_route=\/wp\/v2\/media\/96620"}],"wp:attachment":[{"href":"https:\/\/elinformante.mx\/index.php?rest_route=%2Fwp%2Fv2%2Fmedia&parent=96617"}],"wp:term":[{"taxonomy":"category","embeddable":true,"href":"https:\/\/elinformante.mx\/index.php?rest_route=%2Fwp%2Fv2%2Fcategories&post=96617"},{"taxonomy":"post_tag","embeddable":true,"href":"https:\/\/elinformante.mx\/index.php?rest_route=%2Fwp%2Fv2%2Ftags&post=96617"}],"curies":[{"name":"wp","href":"https:\/\/api.w.org\/{rel}","templated":true}]}}