{"id":96623,"date":"2025-11-26T07:05:03","date_gmt":"2025-11-26T13:05:03","guid":{"rendered":"https:\/\/elinformante.mx\/?p=96623"},"modified":"2025-11-26T07:05:24","modified_gmt":"2025-11-26T13:05:24","slug":"edomex-a-la-cabeza-en-agenda-nacional-contra-la-violencia-de-genero","status":"publish","type":"post","link":"https:\/\/elinformante.mx\/?p=96623","title":{"rendered":"Edom\u00e9x a la cabeza en agenda nacional contra la violencia de g\u00e9nero"},"content":{"rendered":"\n<figure class=\"wp-block-pullquote\"><blockquote><p>-La entidad se posiciona como una de las entidades con mayor avance para castigar el acoso sexual, la reincidencia en el maltrato y en procuraci\u00f3n de justicia.<br>-Edom\u00e9x ya cuenta con 37 Centros LIBRE e invirti\u00f3 en Senderos Seguros y jornadas de activismo<\/p><\/blockquote><\/figure>\n\n\n\n<p class=\"has-drop-cap\">El Gobierno del Estado de M\u00e9xico se posiciona como una de las entidades con mayores avances en la agenda nacional para erradicar la violencia contra las mujeres, al cumplir de manera anticipada los compromisos del Pacto Xicot\u00e9ncatl, impulsado por la presidenta Claudia Sheinbaum Pardo, como la iniciativa para castigar cualquier acto de acoso sexual, endurecer penas y garantizar la atenci\u00f3n y procuraci\u00f3n de justicia, as\u00ed como la apertura de 37 Centros LIBRE.<br><\/p>\n\n\n\n<p>Durante la Ma\u00f1anera del Pueblo, la gobernadora Delfina G\u00f3mez \u00c1lvarez destac\u00f3 el esfuerzo para lograr justicia hacia las mujeres y el compromiso para fortalecer la no violencia.<br><\/p>\n\n\n\n<p>\u201cDesde el Estado de M\u00e9xico en este 25N nos sumamos a las acciones para combatir la violencia contra las mujeres. Afortunadamente, tenemos una muy buena coordinaci\u00f3n con los tres \u00f3rdenes de Gobierno. Aprovecho para hacerle un reconocimiento y un agradecimiento por todo el esfuerzo que ha hecho de compromiso, de profesionalismo, pero sobre todo de amor para poder brindar a las mujeres lo que tanto anhelamos\u201d, afirm\u00f3 la mandataria mexiquense.<br><\/p>\n\n\n\n<p>La gobernadora Delfina G\u00f3mez reconoci\u00f3 el trabajo de Zaira Cedillo Silva, presidenta de la Comisi\u00f3n Legislativa para la Igualdad de G\u00e9nero, quien ha impulsado iniciativas legislativas a favor de los derechos de las mujeres como la despenalizaci\u00f3n del aborto. Adem\u00e1s de la necesidad de prevenir la violencia qu\u00edmica, busca la justicia restaurativa para las v\u00edctimas que han sido afectadas por estos actos. En el marco del 25N, particip\u00f3 en un conversatorio del libro Diario de una transici\u00f3n hist\u00f3rica.<br><\/p>\n\n\n\n<p>Tambi\u00e9n destac\u00f3 el trabajo de la Secretar\u00eda de las Mujeres (SeMujeres), encabezada por Mar\u00eda Esther Rodr\u00edguez Hern\u00e1ndez, que avanza con el fortalecimiento de 37 Centros LIBRE, espacios que brindan atenci\u00f3n integral a mujeres v\u00edctimas de violencia; los Senderos Seguros, que mejoran el entorno urbano; adem\u00e1s de la campa\u00f1a \u201cEn redes no te enredes\u201d para prevenir la violencia digital y promover el uso responsable de plataformas digitales entre ni\u00f1as, ni\u00f1os, adolescentes y la ciudadan\u00eda en general.<br><\/p>\n\n\n\n<p>Como parte de los 16 d\u00edas de activismo, la SeMujeres realiza alrededor de medio centenar de actividades que impulsan el bienestar, empoderamiento y la protecci\u00f3n de este sector; entre ellas, conversatorios, conferencias y capacitaciones sobre perspectiva de g\u00e9nero y la importancia de propiciar una vida libre de violencias.<\/p>\n","protected":false},"excerpt":{"rendered":"<p>-La entidad se posiciona como una de las entidades con mayor avance para castigar el acoso sexual, la reincidencia en el maltrato y en procuraci\u00f3n de justicia.-Edom\u00e9x ya cuenta con 37 Centros LIBRE e invirti\u00f3 en Senderos Seguros y jornadas de activismo El Gobierno del Estado de M\u00e9xico se posiciona como una de las entidades [&hellip;]<\/p>\n","protected":false},"author":1,"featured_media":96626,"comment_status":"closed","ping_status":"closed","sticky":false,"template":"","format":"standard","meta":{"footnotes":""},"categories":[30,36,31],"tags":[],"class_list":["post-96623","post","type-post","status-publish","format-standard","has-post-thumbnail","hentry","category-destacado","category-edomex","category-portada"],"_links":{"self":[{"href":"https:\/\/elinformante.mx\/index.php?rest_route=\/wp\/v2\/posts\/96623","targetHints":{"allow":["GET"]}}],"collection":[{"href":"https:\/\/elinformante.mx\/index.php?rest_route=\/wp\/v2\/posts"}],"about":[{"href":"https:\/\/elinformante.mx\/index.php?rest_route=\/wp\/v2\/types\/post"}],"author":[{"embeddable":true,"href":"https:\/\/elinformante.mx\/index.php?rest_route=\/wp\/v2\/users\/1"}],"replies":[{"embeddable":true,"href":"https:\/\/elinformante.mx\/index.php?rest_route=%2Fwp%2Fv2%2Fcomments&post=96623"}],"version-history":[{"count":0,"href":"https:\/\/elinformante.mx\/index.php?rest_route=\/wp\/v2\/posts\/96623\/revisions"}],"wp:featuredmedia":[{"embeddable":true,"href":"https:\/\/elinformante.mx\/index.php?rest_route=\/wp\/v2\/media\/96626"}],"wp:attachment":[{"href":"https:\/\/elinformante.mx\/index.php?rest_route=%2Fwp%2Fv2%2Fmedia&parent=96623"}],"wp:term":[{"taxonomy":"category","embeddable":true,"href":"https:\/\/elinformante.mx\/index.php?rest_route=%2Fwp%2Fv2%2Fcategories&post=96623"},{"taxonomy":"post_tag","embeddable":true,"href":"https:\/\/elinformante.mx\/index.php?rest_route=%2Fwp%2Fv2%2Ftags&post=96623"}],"curies":[{"name":"wp","href":"https:\/\/api.w.org\/{rel}","templated":true}]}}