{"id":96627,"date":"2025-11-26T07:16:46","date_gmt":"2025-11-26T13:16:46","guid":{"rendered":"https:\/\/elinformante.mx\/?p=96627"},"modified":"2025-11-26T07:16:52","modified_gmt":"2025-11-26T13:16:52","slug":"cadam-cuauhtemoc-supera-las-25-mil-atenciones-a-personas-adultas-mayores-en-13-meses","status":"publish","type":"post","link":"https:\/\/elinformante.mx\/?p=96627","title":{"rendered":"CADAM Cuauht\u00e9moc supera las 25 mil atenciones a personas adultas mayores en 13 meses"},"content":{"rendered":"\n<figure class=\"wp-block-pullquote\"><blockquote><p>-Las jornadas \u201cS\u00daMALE\u201d y \u201cZ\u00daMBALE\u201d acercan los servicios directamente a las colonias de la demarcaci\u00f3n.<\/p><\/blockquote><\/figure>\n\n\n\n<p class=\"has-drop-cap\">El Centro de Atenci\u00f3n y Desarrollo para el Adulto Mayor (CADAM) de la Alcald\u00eda Cuauht\u00e9moc super\u00f3 las 25 mil atenciones brindadas en 13 meses, de acuerdo con el registro oficial de la Direcci\u00f3n General de Desarrollo Social. M\u00e1s de 700 personas adultas mayores han utilizado alguno de los servicios que ofrece este espacio durante la administraci\u00f3n encabezada por la alcaldesa Alessandra Rojo de la Vega.<br><\/p>\n\n\n\n<p>El CADAM es un centro comunitario que concentra servicios m\u00e9dicos, psicol\u00f3gicos y recreativos, adem\u00e1s de actividades f\u00edsicas, talleres de estimulaci\u00f3n cognitiva, asesor\u00edas, servicios est\u00e9ticos (como corte de cabello y gellish) y actividades de integraci\u00f3n social pensadas para mejorar la calidad de vida de este sector de la poblaci\u00f3n.<br><\/p>\n\n\n\n<figure class=\"wp-block-image size-large\"><img fetchpriority=\"high\" decoding=\"async\" width=\"1024\" height=\"506\" src=\"https:\/\/elinformante.mx\/wp-content\/uploads\/2025\/11\/6cadam-2-1024x506.jpg\" alt=\"\" class=\"wp-image-96635\" srcset=\"https:\/\/elinformante.mx\/wp-content\/uploads\/2025\/11\/6cadam-2-1024x506.jpg 1024w, https:\/\/elinformante.mx\/wp-content\/uploads\/2025\/11\/6cadam-2-300x148.jpg 300w, https:\/\/elinformante.mx\/wp-content\/uploads\/2025\/11\/6cadam-2-768x379.jpg 768w, https:\/\/elinformante.mx\/wp-content\/uploads\/2025\/11\/6cadam-2.jpg 1140w\" sizes=\"(max-width: 1024px) 100vw, 1024px\" \/><\/figure>\n\n\n\n<p>Como parte de su operaci\u00f3n, el CADAM se suma a las jornadas itinerantes como \u201cS\u00daMALE\u201d, que lleva estos servicios directamente a las colonias, y \u201cZ\u00daMBALE\u201d, donde promueve activaci\u00f3n f\u00edsica para personas adultas mayores en espacios p\u00fablicos de la demarcaci\u00f3n.<br><\/p>\n\n\n\n<p>De acuerdo con Desarrollo Social, el objetivo es acercar servicios gratuitos, reducir barreras de acceso y garantizar que las personas mayores cuenten con acompa\u00f1amiento continuo, atenci\u00f3n directa y espacios seguros de convivencia.<br><\/p>\n\n\n\n<p>El centro forma parte de la estrategia social de la demarcaci\u00f3n para garantizar servicios b\u00e1sicos, actividades de integraci\u00f3n y atenci\u00f3n especializada a uno de los grupos poblacionales con mayor demanda de apoyo.<\/p>\n","protected":false},"excerpt":{"rendered":"<p>-Las jornadas \u201cS\u00daMALE\u201d y \u201cZ\u00daMBALE\u201d acercan los servicios directamente a las colonias de la demarcaci\u00f3n. El Centro de Atenci\u00f3n y Desarrollo para el Adulto Mayor (CADAM) de la Alcald\u00eda Cuauht\u00e9moc super\u00f3 las 25 mil atenciones brindadas en 13 meses, de acuerdo con el registro oficial de la Direcci\u00f3n General de Desarrollo Social. M\u00e1s de 700 [&hellip;]<\/p>\n","protected":false},"author":1,"featured_media":96634,"comment_status":"closed","ping_status":"closed","sticky":false,"template":"","format":"standard","meta":{"footnotes":""},"categories":[35,30],"tags":[],"class_list":["post-96627","post","type-post","status-publish","format-standard","has-post-thumbnail","hentry","category-cdmx","category-destacado"],"_links":{"self":[{"href":"https:\/\/elinformante.mx\/index.php?rest_route=\/wp\/v2\/posts\/96627","targetHints":{"allow":["GET"]}}],"collection":[{"href":"https:\/\/elinformante.mx\/index.php?rest_route=\/wp\/v2\/posts"}],"about":[{"href":"https:\/\/elinformante.mx\/index.php?rest_route=\/wp\/v2\/types\/post"}],"author":[{"embeddable":true,"href":"https:\/\/elinformante.mx\/index.php?rest_route=\/wp\/v2\/users\/1"}],"replies":[{"embeddable":true,"href":"https:\/\/elinformante.mx\/index.php?rest_route=%2Fwp%2Fv2%2Fcomments&post=96627"}],"version-history":[{"count":0,"href":"https:\/\/elinformante.mx\/index.php?rest_route=\/wp\/v2\/posts\/96627\/revisions"}],"wp:featuredmedia":[{"embeddable":true,"href":"https:\/\/elinformante.mx\/index.php?rest_route=\/wp\/v2\/media\/96634"}],"wp:attachment":[{"href":"https:\/\/elinformante.mx\/index.php?rest_route=%2Fwp%2Fv2%2Fmedia&parent=96627"}],"wp:term":[{"taxonomy":"category","embeddable":true,"href":"https:\/\/elinformante.mx\/index.php?rest_route=%2Fwp%2Fv2%2Fcategories&post=96627"},{"taxonomy":"post_tag","embeddable":true,"href":"https:\/\/elinformante.mx\/index.php?rest_route=%2Fwp%2Fv2%2Ftags&post=96627"}],"curies":[{"name":"wp","href":"https:\/\/api.w.org\/{rel}","templated":true}]}}