{"id":96631,"date":"2025-11-26T07:15:25","date_gmt":"2025-11-26T13:15:25","guid":{"rendered":"https:\/\/elinformante.mx\/?p=96631"},"modified":"2025-11-26T07:15:30","modified_gmt":"2025-11-26T13:15:30","slug":"inicia-alcaldia-alvaro-obregon-rehabilitacion-de-calles","status":"publish","type":"post","link":"https:\/\/elinformante.mx\/?p=96631","title":{"rendered":"Inicia alcald\u00eda \u00c1lvaro Obreg\u00f3n rehabilitaci\u00f3n de calles"},"content":{"rendered":"\n<figure class=\"wp-block-pullquote\"><blockquote><p>Las obras forman parte del Programa Estrat\u00e9gico de Repavimentaci\u00f3n en Vialidades Primarias \u201cCualli Ohtli\u201d.<\/p><\/blockquote><\/figure>\n\n\n\n<p class=\"has-drop-cap\">En un trabajo coordinado, la Alcald\u00eda \u00c1lvaro Obreg\u00f3n y el Gobierno de la Ciudad de M\u00e9xico, a trav\u00e9s de la Secretar\u00eda de Obras, iniciaron los trabajos de reencarpetado del Eje 10 Sur R\u00edo Magdalena.<br><\/p>\n\n\n\n<p>En una primera etapa, que contempla 30 d\u00edas, se realizar\u00e1 la rehabilitaci\u00f3n integral de la vialidad en el tramo que va de Avenida Revoluci\u00f3n a Perif\u00e9rico Sur. Posteriormente se laborar\u00e1 de la Glorieta de San Jer\u00f3nimo a Avenida San Jer\u00f3nimo.<br><\/p>\n\n\n\n<p>Para reducir las afectaciones a la circulaci\u00f3n, las labores se realizar\u00e1n en un horario de 22:00 horas a 5:00 de la ma\u00f1ana. \u201cSe estar\u00e1n interviniendo 2.6 kil\u00f3metros lineales, que implica m\u00e1s de 20 mil metros cuadrados de superficie asf\u00e1ltica rehabilitada\u201d.\u201d<br><\/p>\n\n\n\n<p>\u201cLas labores benefician directamente a los vecinos de La Otra Banda, Barrio Loreto, Tizap\u00e1n y San \u00c1ngel, as\u00ed como a quienes circulan por Avenida Revoluci\u00f3n y toman el Eje 10 R\u00edo Magdalena hacia Perif\u00e9rico\u201d, indic\u00f3 el alcalde, Javier L\u00f3pez Casar\u00edn.<br><\/p>\n\n\n\n<p>Por parte del Gobierno de la Ciudad de M\u00e9xico, \u00c9dgar Alejandro Barrientos Galv\u00e1n, Director General de Obras de Infraestructura Vial de la SOBSE, agradeci\u00f3 la coordinaci\u00f3n institucional, que permite dar m\u00e1s y mejores resultados a la ciudadan\u00eda.<br><\/p>\n\n\n\n<p>Las obras forman parte del Programa Estrat\u00e9gico de Repavimentaci\u00f3n en Vialidades Primarias \u201cCualli Ohtli\u201d, que significa Buen Camino, que en total contempla la rehabilitaci\u00f3n integral de 250 kil\u00f3metros de v\u00edas en la capital.<\/p>\n","protected":false},"excerpt":{"rendered":"<p>Las obras forman parte del Programa Estrat\u00e9gico de Repavimentaci\u00f3n en Vialidades Primarias \u201cCualli Ohtli\u201d. En un trabajo coordinado, la Alcald\u00eda \u00c1lvaro Obreg\u00f3n y el Gobierno de la Ciudad de M\u00e9xico, a trav\u00e9s de la Secretar\u00eda de Obras, iniciaron los trabajos de reencarpetado del Eje 10 Sur R\u00edo Magdalena. En una primera etapa, que contempla 30 [&hellip;]<\/p>\n","protected":false},"author":1,"featured_media":96632,"comment_status":"closed","ping_status":"closed","sticky":false,"template":"","format":"standard","meta":{"footnotes":""},"categories":[35],"tags":[],"class_list":["post-96631","post","type-post","status-publish","format-standard","has-post-thumbnail","hentry","category-cdmx"],"_links":{"self":[{"href":"https:\/\/elinformante.mx\/index.php?rest_route=\/wp\/v2\/posts\/96631","targetHints":{"allow":["GET"]}}],"collection":[{"href":"https:\/\/elinformante.mx\/index.php?rest_route=\/wp\/v2\/posts"}],"about":[{"href":"https:\/\/elinformante.mx\/index.php?rest_route=\/wp\/v2\/types\/post"}],"author":[{"embeddable":true,"href":"https:\/\/elinformante.mx\/index.php?rest_route=\/wp\/v2\/users\/1"}],"replies":[{"embeddable":true,"href":"https:\/\/elinformante.mx\/index.php?rest_route=%2Fwp%2Fv2%2Fcomments&post=96631"}],"version-history":[{"count":0,"href":"https:\/\/elinformante.mx\/index.php?rest_route=\/wp\/v2\/posts\/96631\/revisions"}],"wp:featuredmedia":[{"embeddable":true,"href":"https:\/\/elinformante.mx\/index.php?rest_route=\/wp\/v2\/media\/96632"}],"wp:attachment":[{"href":"https:\/\/elinformante.mx\/index.php?rest_route=%2Fwp%2Fv2%2Fmedia&parent=96631"}],"wp:term":[{"taxonomy":"category","embeddable":true,"href":"https:\/\/elinformante.mx\/index.php?rest_route=%2Fwp%2Fv2%2Fcategories&post=96631"},{"taxonomy":"post_tag","embeddable":true,"href":"https:\/\/elinformante.mx\/index.php?rest_route=%2Fwp%2Fv2%2Ftags&post=96631"}],"curies":[{"name":"wp","href":"https:\/\/api.w.org\/{rel}","templated":true}]}}