{"id":96633,"date":"2025-11-26T07:19:36","date_gmt":"2025-11-26T13:19:36","guid":{"rendered":"https:\/\/elinformante.mx\/?p=96633"},"modified":"2025-11-26T07:19:40","modified_gmt":"2025-11-26T13:19:40","slug":"beatriz-rojas-encabeza-festejo-del-84-aniversario-del-comedor-familiar-no-1-en-cdmx","status":"publish","type":"post","link":"https:\/\/elinformante.mx\/?p=96633","title":{"rendered":"Beatriz Rojas encabeza festejo del 84 aniversario del Comedor Familiar No. 1 en CDMX"},"content":{"rendered":"\n<figure class=\"wp-block-pullquote\"><blockquote><p>-Dentro del DIF tenemos 100 comedores populares; el objetivo es fortalecerlos, equiparlos y dignificarlos para seguir garantizando la alimentaci\u00f3n a miles de personas, sobre todo a grupos vulnerables, enfatiza.<\/p><\/blockquote><\/figure>\n\n\n\n<p class=\"has-drop-cap\">Con la muestra gastron\u00f3mica \u201cDieta de la Milpa\u201d, integrada por decenas de platillos tradicionales de la comida mexicana, preparados por grupos solidarios del Programa Comedores Populares, la directora general del Sistema para el Desarrollo Integral de la Familia (DIF) de la Ciudad de M\u00e9xico, Beatriz Rojas Mart\u00ednez, encabez\u00f3 los festejos del 84 Aniversario del Comedor Familiar no. 1, ubicado en Paseo de la Reforma 705, colonia Morelos.<br><\/p>\n\n\n\n<p>Ante comensales e integrantes de los comedores populares del DIF de la Ciudad de M\u00e9xico, expuso que esta dependencia p\u00fablica tiene que mejorar los servicios y atenci\u00f3n a la poblaci\u00f3n en todas sus direcciones ejecutivas: \u201cSomos un sistema muy noble y grande, vamos a consolidarlo\u201d.<br><\/p>\n\n\n\n<p>Este aniversario, plante\u00f3, nos recuerda algo fundamental; garantizar el derecho a una alimentaci\u00f3n nutritiva y digna no es un ideal, es una obligaci\u00f3n del Estado y una responsabilidad colectiva.<br><\/p>\n\n\n\n<p>Destac\u00f3 que la Constituci\u00f3n de la Ciudad de M\u00e9xico va m\u00e1s all\u00e1 y establece que esta alimentaci\u00f3n debe ser saludable, accesible, asequible y culturalmente pertinente, especialmente para quienes viven en pobreza.<br><\/p>\n\n\n\n<p>Por su parte, la directora ejecutiva de los Derechos de las Personas con Discapacidad y Desarrollo Comunitario, Claudia Elena Aguila Torres, se\u00f1al\u00f3: \u201cMe complace formar parte de esta honorable instituci\u00f3n, no solo por lo que representa en las vidas de las familias de este pa\u00eds y esta gran ciudad, sino particularmente por velar por la nutrici\u00f3n y alimentaci\u00f3n de los que menos tienen\u201d.<br><\/p>\n\n\n\n<p>Remarc\u00f3 que lejos de ser un programa asistencialista, es la organizaci\u00f3n de grupos solidarios de vecinos en coordinaci\u00f3n directa con el Sistema DIF para llevar alimentos ricos y nutritivos a colonias populares, que a la vez fomentan y promueven la econom\u00eda local; estos son los comedores populares del DIF Ciudad de M\u00e9xico.<br><\/p>\n\n\n\n<p>En su oportunidad, la directora de Comedores, Mar\u00eda de Jes\u00fas L\u00f3pez V\u00e1zquez, coment\u00f3 que el comedor familiar no. 1 es un espacio que ha dado alimentos a miles de personas a lo largo de m\u00e1s de ocho d\u00e9cadas.<\/p>\n","protected":false},"excerpt":{"rendered":"<p>-Dentro del DIF tenemos 100 comedores populares; el objetivo es fortalecerlos, equiparlos y dignificarlos para seguir garantizando la alimentaci\u00f3n a miles de personas, sobre todo a grupos vulnerables, enfatiza. Con la muestra gastron\u00f3mica \u201cDieta de la Milpa\u201d, integrada por decenas de platillos tradicionales de la comida mexicana, preparados por grupos solidarios del Programa Comedores Populares, [&hellip;]<\/p>\n","protected":false},"author":1,"featured_media":96637,"comment_status":"closed","ping_status":"closed","sticky":false,"template":"","format":"standard","meta":{"footnotes":""},"categories":[35],"tags":[],"class_list":["post-96633","post","type-post","status-publish","format-standard","has-post-thumbnail","hentry","category-cdmx"],"_links":{"self":[{"href":"https:\/\/elinformante.mx\/index.php?rest_route=\/wp\/v2\/posts\/96633","targetHints":{"allow":["GET"]}}],"collection":[{"href":"https:\/\/elinformante.mx\/index.php?rest_route=\/wp\/v2\/posts"}],"about":[{"href":"https:\/\/elinformante.mx\/index.php?rest_route=\/wp\/v2\/types\/post"}],"author":[{"embeddable":true,"href":"https:\/\/elinformante.mx\/index.php?rest_route=\/wp\/v2\/users\/1"}],"replies":[{"embeddable":true,"href":"https:\/\/elinformante.mx\/index.php?rest_route=%2Fwp%2Fv2%2Fcomments&post=96633"}],"version-history":[{"count":0,"href":"https:\/\/elinformante.mx\/index.php?rest_route=\/wp\/v2\/posts\/96633\/revisions"}],"wp:featuredmedia":[{"embeddable":true,"href":"https:\/\/elinformante.mx\/index.php?rest_route=\/wp\/v2\/media\/96637"}],"wp:attachment":[{"href":"https:\/\/elinformante.mx\/index.php?rest_route=%2Fwp%2Fv2%2Fmedia&parent=96633"}],"wp:term":[{"taxonomy":"category","embeddable":true,"href":"https:\/\/elinformante.mx\/index.php?rest_route=%2Fwp%2Fv2%2Fcategories&post=96633"},{"taxonomy":"post_tag","embeddable":true,"href":"https:\/\/elinformante.mx\/index.php?rest_route=%2Fwp%2Fv2%2Ftags&post=96633"}],"curies":[{"name":"wp","href":"https:\/\/api.w.org\/{rel}","templated":true}]}}