{"id":96641,"date":"2025-11-26T07:33:06","date_gmt":"2025-11-26T13:33:06","guid":{"rendered":"https:\/\/elinformante.mx\/?p=96641"},"modified":"2025-11-26T07:33:15","modified_gmt":"2025-11-26T13:33:15","slug":"firma-mara-lezama-pacto-nacional-para-poner-fin-a-toda-forma-de-violencia-contra-la-ninez","status":"publish","type":"post","link":"https:\/\/elinformante.mx\/?p=96641","title":{"rendered":"Firma Mara Lezama Pacto Nacional para poner fin a toda forma de violencia contra la ni\u00f1ez"},"content":{"rendered":"\n<figure class=\"wp-block-pullquote\"><blockquote><p>Destac\u00f3 el apoyo de la presidenta Claudia Sheinbaum Pardo, a trav\u00e9s del SIPINNA Nacional.<\/p><\/blockquote><\/figure>\n\n\n\n<p class=\"has-drop-cap\">Quintana Roo se convirti\u00f3 en el primer estado del pa\u00eds en firmar el Pacto Nacional para Poner Fin a Toda Forma de Violencia contra Ni\u00f1as, Ni\u00f1os y Adolescentes, un compromiso impulsado por la Secretar\u00eda Ejecutiva del Sistema Nacional de Protecci\u00f3n de Ni\u00f1as, Ni\u00f1os y Adolescentes (SIPINNA) que une a instituciones, sociedad civil, organismos internacionales y especialistas para coordinar capacidades y avanzar en pol\u00edticas p\u00fablicas que salvaguarden la integridad de la ni\u00f1ez y las adolescencias en M\u00e9xico.<br><\/p>\n\n\n\n<p>La firma del documento se realiz\u00f3 en el marco del Encuentro Nacional de Secretarias y Secretarios Ejecutivos de los Sistemas de Protecci\u00f3n Integral de Ni\u00f1as, Ni\u00f1os y Adolescentes, donde tambi\u00e9n se present\u00f3 el Programa Nacional de Protecci\u00f3n de Ni\u00f1as, Ni\u00f1os y Adolescentes, la estrategia nacional por la primera infancia y tambi\u00e9n las buenas pr\u00e1cticas que se est\u00e1n generando a nivel municipal y a nivel estatal.<br><\/p>\n\n\n\n<p>La gobernadora Mara Lezama destac\u00f3 el apoyo de la presidenta Claudia Sheinbaum Pardo, a trav\u00e9s del SIPINNA Nacional y su titular, Lorena Villavicencio, para fortalecer pol\u00edticas que erradiquen todo tipo de violencias y, en particular, el flagelo de la violencia sexual infantil que deriva en la explotaci\u00f3n sexual comercial de ni\u00f1as, ni\u00f1os y adolescentes.<br><\/p>\n\n\n\n<p>Por su parte, la Secretaria Ejecutiva del SIPINNA Nacional, Lorena Villavicencio, explic\u00f3 que el Pacto es un compromiso que impulsa la investigaci\u00f3n, el intercambio de saberes y la articulaci\u00f3n de pol\u00edticas p\u00fablicas para prevenir, atender, sancionar y reparar las violencias que vive la ni\u00f1ez y adolescencia con acciones concretas, como canales de denuncia especializados, campa\u00f1as de parentalidad positiva, investigaci\u00f3n prioritaria de delitos y la revisi\u00f3n peri\u00f3dica de los centros de acogimiento, entre otras.<br><\/p>\n\n\n\n<p>Asegur\u00f3 que Mara Lezama, la gobernadora de Quintana Roo, tiene un atributo que es muy escaso el d\u00eda de hoy, que es siempre hablar con la verdad, que es la \u00fanica manera de solucionar los problemas, visibilizando los temas, entendiendo la gravedad de los mismos, asumiendo ese recuento de los da\u00f1os y desde ah\u00ed impartir para enfrentar esta violencia.<br><\/p>\n\n\n\n<p>Agradeci\u00f3 a la Gobernadora iniciar en Quintana Roo este pacto nacional donde se quiere tener incluidos a las y los presidentes municipales, a organizaciones de la sociedad, civil, pero fundamentalmente las familias quintanarroenses.<\/p>\n","protected":false},"excerpt":{"rendered":"<p>Destac\u00f3 el apoyo de la presidenta Claudia Sheinbaum Pardo, a trav\u00e9s del SIPINNA Nacional. Quintana Roo se convirti\u00f3 en el primer estado del pa\u00eds en firmar el Pacto Nacional para Poner Fin a Toda Forma de Violencia contra Ni\u00f1as, Ni\u00f1os y Adolescentes, un compromiso impulsado por la Secretar\u00eda Ejecutiva del Sistema Nacional de Protecci\u00f3n de [&hellip;]<\/p>\n","protected":false},"author":1,"featured_media":96644,"comment_status":"closed","ping_status":"closed","sticky":false,"template":"","format":"standard","meta":{"footnotes":""},"categories":[30,34],"tags":[],"class_list":["post-96641","post","type-post","status-publish","format-standard","has-post-thumbnail","hentry","category-destacado","category-nacional"],"_links":{"self":[{"href":"https:\/\/elinformante.mx\/index.php?rest_route=\/wp\/v2\/posts\/96641","targetHints":{"allow":["GET"]}}],"collection":[{"href":"https:\/\/elinformante.mx\/index.php?rest_route=\/wp\/v2\/posts"}],"about":[{"href":"https:\/\/elinformante.mx\/index.php?rest_route=\/wp\/v2\/types\/post"}],"author":[{"embeddable":true,"href":"https:\/\/elinformante.mx\/index.php?rest_route=\/wp\/v2\/users\/1"}],"replies":[{"embeddable":true,"href":"https:\/\/elinformante.mx\/index.php?rest_route=%2Fwp%2Fv2%2Fcomments&post=96641"}],"version-history":[{"count":0,"href":"https:\/\/elinformante.mx\/index.php?rest_route=\/wp\/v2\/posts\/96641\/revisions"}],"wp:featuredmedia":[{"embeddable":true,"href":"https:\/\/elinformante.mx\/index.php?rest_route=\/wp\/v2\/media\/96644"}],"wp:attachment":[{"href":"https:\/\/elinformante.mx\/index.php?rest_route=%2Fwp%2Fv2%2Fmedia&parent=96641"}],"wp:term":[{"taxonomy":"category","embeddable":true,"href":"https:\/\/elinformante.mx\/index.php?rest_route=%2Fwp%2Fv2%2Fcategories&post=96641"},{"taxonomy":"post_tag","embeddable":true,"href":"https:\/\/elinformante.mx\/index.php?rest_route=%2Fwp%2Fv2%2Ftags&post=96641"}],"curies":[{"name":"wp","href":"https:\/\/api.w.org\/{rel}","templated":true}]}}