{"id":96643,"date":"2025-11-26T07:34:37","date_gmt":"2025-11-26T13:34:37","guid":{"rendered":"https:\/\/elinformante.mx\/?p=96643"},"modified":"2025-11-26T07:34:43","modified_gmt":"2025-11-26T13:34:43","slug":"mexico-eu-y-canada-alistan-tercera-reunion-del-consejo-laboral-del-t-mec","status":"publish","type":"post","link":"https:\/\/elinformante.mx\/?p=96643","title":{"rendered":"M\u00e9xico, EU y Canad\u00e1 alistan tercera reuni\u00f3n del Consejo Laboral del T-MEC"},"content":{"rendered":"\n<figure class=\"wp-block-pullquote\"><blockquote><p>Este encuentro busca dar seguimiento a los compromisos laborales asumidos por los tres pa\u00edses.<\/p><\/blockquote><\/figure>\n\n\n\n<p class=\"has-drop-cap\">Las partes del Tratado entre M\u00e9xico, Estados Unidos y Canad\u00e1 (T-MEC) anunciaron que los pr\u00f3ximos 9 y 10 de diciembre de 2025 se llevar\u00e1 a cabo la tercera reuni\u00f3n del Consejo Laboral, un encuentro que combinar\u00e1 una sesi\u00f3n privada presencial entre los gobiernos en Ottawa, Canad\u00e1, adem\u00e1s de una sesi\u00f3n p\u00fablica virtual enfocada en la implementaci\u00f3n del Cap\u00edtulo Laboral del acuerdo comercial.<br><\/p>\n\n\n\n<p>El encuentro busca dar seguimiento a los compromisos laborales asumidos por los tres pa\u00edses, revisar avances en materia de derechos de los trabajadores y atender inquietudes relacionadas con la aplicaci\u00f3n de los mecanismos de cumplimiento laboral del T-MEC.<br><\/p>\n\n\n\n<p>La sesi\u00f3n ser\u00e1 a puerta cerrada, donde se reunir\u00e1n funcionarios de alto nivel de los tres gobiernos, mientras que el di\u00e1logo p\u00fablico se realizar\u00e1 mediante un seminario virtual abierto a organizaciones sindicales, empleadores, especialistas, acad\u00e9micos y cualquier persona interesada en el tema.<br><\/p>\n\n\n\n<p>La Oficina del Representante Comercial de Estados Unidos (USTR) y el Departamento del Trabajo (DOL) llamaron al p\u00fablico a participar activamente mediante el env\u00edo de preguntas y comentarios escritos antes del encuentro.<br><\/p>\n\n\n\n<p>Los gobiernos destacaron que la realizaci\u00f3n de la tercera reuni\u00f3n marca un nuevo paso en la coordinaci\u00f3n trilateral en materia laboral, un eje que ha cobrado relevancia en la agenda del T-MEC por su papel en la vigilancia del cumplimiento de derechos colectivos, la libertad sindical y las condiciones de trabajo en los sectores cubiertos por el acuerdo.<br><\/p>\n\n\n\n<p>Cabe destacar que el Consejo Laboral se ha convertido en un espacio estrat\u00e9gico para intercambiar informaci\u00f3n, evaluar retos y reforzar la cooperaci\u00f3n en temas que van desde la inspecci\u00f3n laboral hasta los mecanismos de respuesta r\u00e1pida.<br><\/p>\n\n\n\n<p>Este encuentro en diciembre ser\u00e1 determinante para evaluar los avances alcanzados este a\u00f1o y para definir las prioridades conjuntas de 2026 en uno de los cap\u00edtulos m\u00e1s sensibles del tratado comercial.<\/p>\n","protected":false},"excerpt":{"rendered":"<p>Este encuentro busca dar seguimiento a los compromisos laborales asumidos por los tres pa\u00edses. Las partes del Tratado entre M\u00e9xico, Estados Unidos y Canad\u00e1 (T-MEC) anunciaron que los pr\u00f3ximos 9 y 10 de diciembre de 2025 se llevar\u00e1 a cabo la tercera reuni\u00f3n del Consejo Laboral, un encuentro que combinar\u00e1 una sesi\u00f3n privada presencial entre [&hellip;]<\/p>\n","protected":false},"author":1,"featured_media":96646,"comment_status":"closed","ping_status":"closed","sticky":false,"template":"","format":"standard","meta":{"footnotes":""},"categories":[34],"tags":[],"class_list":["post-96643","post","type-post","status-publish","format-standard","has-post-thumbnail","hentry","category-nacional"],"_links":{"self":[{"href":"https:\/\/elinformante.mx\/index.php?rest_route=\/wp\/v2\/posts\/96643","targetHints":{"allow":["GET"]}}],"collection":[{"href":"https:\/\/elinformante.mx\/index.php?rest_route=\/wp\/v2\/posts"}],"about":[{"href":"https:\/\/elinformante.mx\/index.php?rest_route=\/wp\/v2\/types\/post"}],"author":[{"embeddable":true,"href":"https:\/\/elinformante.mx\/index.php?rest_route=\/wp\/v2\/users\/1"}],"replies":[{"embeddable":true,"href":"https:\/\/elinformante.mx\/index.php?rest_route=%2Fwp%2Fv2%2Fcomments&post=96643"}],"version-history":[{"count":0,"href":"https:\/\/elinformante.mx\/index.php?rest_route=\/wp\/v2\/posts\/96643\/revisions"}],"wp:featuredmedia":[{"embeddable":true,"href":"https:\/\/elinformante.mx\/index.php?rest_route=\/wp\/v2\/media\/96646"}],"wp:attachment":[{"href":"https:\/\/elinformante.mx\/index.php?rest_route=%2Fwp%2Fv2%2Fmedia&parent=96643"}],"wp:term":[{"taxonomy":"category","embeddable":true,"href":"https:\/\/elinformante.mx\/index.php?rest_route=%2Fwp%2Fv2%2Fcategories&post=96643"},{"taxonomy":"post_tag","embeddable":true,"href":"https:\/\/elinformante.mx\/index.php?rest_route=%2Fwp%2Fv2%2Ftags&post=96643"}],"curies":[{"name":"wp","href":"https:\/\/api.w.org\/{rel}","templated":true}]}}