{"id":96651,"date":"2025-11-26T07:45:54","date_gmt":"2025-11-26T13:45:54","guid":{"rendered":"https:\/\/elinformante.mx\/?p=96651"},"modified":"2025-11-26T07:46:02","modified_gmt":"2025-11-26T13:46:02","slug":"gobierno-y-entidades-asumen-compromiso-por-la-vida-la-felicidad-y-el-respeto-a-las-mujeres-sheinbaum","status":"publish","type":"post","link":"https:\/\/elinformante.mx\/?p=96651","title":{"rendered":"GOBIERNO Y ENTIDADES ASUMEN COMPROMISO POR LA VIDA, LA FELICIDAD Y EL RESPETO A LAS MUJERES: SHEINBAUM"},"content":{"rendered":"\n<figure class=\"wp-block-pullquote\"><blockquote><p>-Son 10 acciones orientadas a visibilizar y promover la erradicaci\u00f3n de las violencias contra las ni\u00f1as y las mujeres, mediante un proceso de educaci\u00f3n.<\/p><\/blockquote><\/figure>\n\n\n\n<p class=\"has-drop-cap\">En el marco del D\u00eda Internacional de la Eliminaci\u00f3n de la Violencia contra las Mujeres, el Gobierno de M\u00e9xico, junto a todas las gobernadoras y gobernadores de los 32 estados de la Rep\u00fablica, asumieron el Compromiso Nacional por la vida, la felicidad y el respeto a las mujeres, que consta de 10 acciones orientadas a visibilizar y promover la erradicaci\u00f3n de las violencias contra las ni\u00f1as y las mujeres.<br><\/p>\n\n\n\n<p>La Presidenta de M\u00e9xico, Claudia Sheinbaum Pardo, destac\u00f3 que estas acciones son para apoyar, defender a las mujeres y decirles que no est\u00e1n solas. Adem\u00e1s de que se homologar\u00e1n las leyes en cada una de las entidades para tipificar el delito de abuso sexual y se difundir\u00e1 una campa\u00f1a nacional para promover un cambio cultural.<br><\/p>\n\n\n\n<figure class=\"wp-block-image size-large\"><img fetchpriority=\"high\" decoding=\"async\" width=\"1024\" height=\"506\" src=\"https:\/\/elinformante.mx\/wp-content\/uploads\/2025\/11\/9claudia-3-10-1024x506.jpg\" alt=\"\" class=\"wp-image-96654\" srcset=\"https:\/\/elinformante.mx\/wp-content\/uploads\/2025\/11\/9claudia-3-10-1024x506.jpg 1024w, https:\/\/elinformante.mx\/wp-content\/uploads\/2025\/11\/9claudia-3-10-300x148.jpg 300w, https:\/\/elinformante.mx\/wp-content\/uploads\/2025\/11\/9claudia-3-10-768x379.jpg 768w, https:\/\/elinformante.mx\/wp-content\/uploads\/2025\/11\/9claudia-3-10.jpg 1140w\" sizes=\"(max-width: 1024px) 100vw, 1024px\" \/><\/figure>\n\n\n\n<p>\u201cPienso que el esfuerzo que estamos haciendo ahora, con todos los gobernadores y gobernadoras y la jefa de Gobierno, es muy importante. El acoso, el abuso contra las mujeres tiene que ser sancionado, es un delito, y tenemos que catalogarlo, tenemos que ponerlo en el C\u00f3digo de Procedimientos Penales, Estatales, de la Ciudad de M\u00e9xico y Federal, eso es lo primero. Pero segundo, tambi\u00e9n debe haber un proceso de educaci\u00f3n, de formaci\u00f3n a todas y a todos, hombres y mujeres, de tal manera que cualquier acci\u00f3n de violencia contra la mujer no se vea como una costumbre, no se vea como algo que ha venido de antes, sino que se cuestione y se cambien las conductas\u201d, destac\u00f3.<\/p>\n\n\n\n<h2 class=\"wp-block-heading\">Detall\u00f3 que las 10 acciones son:<\/h2>\n\n\n\n<figure class=\"wp-block-image size-large\"><img decoding=\"async\" width=\"1024\" height=\"506\" src=\"https:\/\/elinformante.mx\/wp-content\/uploads\/2025\/11\/9claudia-2-10-1024x506.jpg\" alt=\"\" class=\"wp-image-96655\" srcset=\"https:\/\/elinformante.mx\/wp-content\/uploads\/2025\/11\/9claudia-2-10-1024x506.jpg 1024w, https:\/\/elinformante.mx\/wp-content\/uploads\/2025\/11\/9claudia-2-10-300x148.jpg 300w, https:\/\/elinformante.mx\/wp-content\/uploads\/2025\/11\/9claudia-2-10-768x379.jpg 768w, https:\/\/elinformante.mx\/wp-content\/uploads\/2025\/11\/9claudia-2-10.jpg 1140w\" sizes=\"(max-width: 1024px) 100vw, 1024px\" \/><\/figure>\n\n\n\n<ul class=\"wp-block-list\">\n<li>Difundir la campa\u00f1a permanente por la igualdad y contra las violencias para abonar al cambio cultural.<\/li>\n\n\n\n<li>Acompa\u00f1ar el proceso de homologaci\u00f3n del tipo penal de \u201cabuso sexual\u201d.<\/li>\n\n\n\n<li>En coordinaci\u00f3n con las Fiscal\u00edas y los Tribunales del Poder Judicial locales, garantizar que ninguna denuncia sea desechada o desestimada: Se pone a disposici\u00f3n de las v\u00edctimas el n\u00famero 079 opci\u00f3n 1 para seguimiento.<\/li>\n\n\n\n<li>Instalar una mesa de coordinaci\u00f3n con las instancias de movilidad de las entidades federativas para elaborar lineamientos y acciones de prevenci\u00f3n y atenci\u00f3n de las violencias en el transporte p\u00fablico y concesionado.<\/li>\n\n\n\n<li>Todos los derechos para todas las mujeres en todas las entidades del pa\u00eds. Homologar las leyes a favor de las mujeres, como violencia digital, violencia vicaria, violencia con \u00e1cido, etc.<\/li>\n\n\n\n<li>Creaci\u00f3n de senderos seguros en los espacios p\u00fablicos con mayores \u00edndices de violencia hacia las mujeres.<\/li>\n\n\n\n<li>Realizar en las escuelas, los d\u00edas 25 de cada mes, actividades para fomentar la igualdad y el trato con respeto entre ni\u00f1os y ni\u00f1as.<\/li>\n\n\n\n<li>Capacitar y certificar a las y los servidores p\u00fablicos para que realicen sus labores con perspectiva de g\u00e9nero.<\/li>\n\n\n\n<li>Instalar una mesa de trabajo permanente entre la Secretar\u00eda de Mujeres, el Poder Judicial y las fiscal\u00edas para actualizar y fortalecer los protocolos de atenci\u00f3n e investigaci\u00f3n de las violencias para agilizar la procuraci\u00f3n y acceso a la justicia de las mujeres.<\/li>\n\n\n\n<li>Acompa\u00f1ar con acciones puntuales la atenci\u00f3n integral a las v\u00edctimas indirectas de feminicidio.<\/li>\n<\/ul>\n\n\n\n<p>A trav\u00e9s de un enlace a la conferencia matutina, las gobernadoras y gobernadores refrendaron su compromiso a favor de las pol\u00edticas de apoyo a las mujeres.<br><\/p>\n\n\n\n<figure class=\"wp-block-image size-large\"><img decoding=\"async\" width=\"1024\" height=\"506\" src=\"https:\/\/elinformante.mx\/wp-content\/uploads\/2025\/11\/9claudia-4-9-1024x506.jpg\" alt=\"\" class=\"wp-image-96656\" srcset=\"https:\/\/elinformante.mx\/wp-content\/uploads\/2025\/11\/9claudia-4-9-1024x506.jpg 1024w, https:\/\/elinformante.mx\/wp-content\/uploads\/2025\/11\/9claudia-4-9-300x148.jpg 300w, https:\/\/elinformante.mx\/wp-content\/uploads\/2025\/11\/9claudia-4-9-768x379.jpg 768w, https:\/\/elinformante.mx\/wp-content\/uploads\/2025\/11\/9claudia-4-9.jpg 1140w\" sizes=\"(max-width: 1024px) 100vw, 1024px\" \/><\/figure>\n\n\n\n<p>La secretaria de las Mujeres, Citlalli Hern\u00e1ndez Mora, resalt\u00f3 que todos los niveles de gobierno trabajan para transformar la vida de las mujeres, por ello inform\u00f3 que, como parte del Plan Integral Contra el Abuso Sexual, 22 entidades tienen la iniciativa inscrita en el Congreso para la modificaci\u00f3n en el tipo penal del abuso sexual.<br><\/p>\n\n\n\n<p>La representante de ONU Mujeres M\u00e9xico, Moni Pizani Orsini, se\u00f1al\u00f3 que hoy M\u00e9xico env\u00eda un mensaje al mundo: \u201cNing\u00fan proyecto de naci\u00f3n es compatible con la violencia contra las mujeres\u201d, por ello, asegur\u00f3 que ONU Mujeres, seguir\u00e1 acompa\u00f1ando los esfuerzos del Gobierno de M\u00e9xico para que cada calle, escuela, casa y espacios digitales sean territorios de libertad y dignidad para las mujeres.<\/p>\n","protected":false},"excerpt":{"rendered":"<p>-Son 10 acciones orientadas a visibilizar y promover la erradicaci\u00f3n de las violencias contra las ni\u00f1as y las mujeres, mediante un proceso de educaci\u00f3n. En el marco del D\u00eda Internacional de la Eliminaci\u00f3n de la Violencia contra las Mujeres, el Gobierno de M\u00e9xico, junto a todas las gobernadoras y gobernadores de los 32 estados de [&hellip;]<\/p>\n","protected":false},"author":1,"featured_media":96653,"comment_status":"closed","ping_status":"closed","sticky":false,"template":"","format":"standard","meta":{"footnotes":""},"categories":[30,34,31],"tags":[47],"class_list":["post-96651","post","type-post","status-publish","format-standard","has-post-thumbnail","hentry","category-destacado","category-nacional","category-portada","tag-portadanacional"],"_links":{"self":[{"href":"https:\/\/elinformante.mx\/index.php?rest_route=\/wp\/v2\/posts\/96651","targetHints":{"allow":["GET"]}}],"collection":[{"href":"https:\/\/elinformante.mx\/index.php?rest_route=\/wp\/v2\/posts"}],"about":[{"href":"https:\/\/elinformante.mx\/index.php?rest_route=\/wp\/v2\/types\/post"}],"author":[{"embeddable":true,"href":"https:\/\/elinformante.mx\/index.php?rest_route=\/wp\/v2\/users\/1"}],"replies":[{"embeddable":true,"href":"https:\/\/elinformante.mx\/index.php?rest_route=%2Fwp%2Fv2%2Fcomments&post=96651"}],"version-history":[{"count":0,"href":"https:\/\/elinformante.mx\/index.php?rest_route=\/wp\/v2\/posts\/96651\/revisions"}],"wp:featuredmedia":[{"embeddable":true,"href":"https:\/\/elinformante.mx\/index.php?rest_route=\/wp\/v2\/media\/96653"}],"wp:attachment":[{"href":"https:\/\/elinformante.mx\/index.php?rest_route=%2Fwp%2Fv2%2Fmedia&parent=96651"}],"wp:term":[{"taxonomy":"category","embeddable":true,"href":"https:\/\/elinformante.mx\/index.php?rest_route=%2Fwp%2Fv2%2Fcategories&post=96651"},{"taxonomy":"post_tag","embeddable":true,"href":"https:\/\/elinformante.mx\/index.php?rest_route=%2Fwp%2Fv2%2Ftags&post=96651"}],"curies":[{"name":"wp","href":"https:\/\/api.w.org\/{rel}","templated":true}]}}