{"id":96768,"date":"2025-11-28T05:43:36","date_gmt":"2025-11-28T11:43:36","guid":{"rendered":"https:\/\/elinformante.mx\/?p=96768"},"modified":"2025-11-29T14:38:56","modified_gmt":"2025-11-29T20:38:56","slug":"delfina-gomez-acompana-a-claudia-sheinbaum-durante-reconocimiento-a-personal-que-apoyo-a-afectados-por-lluvias","status":"publish","type":"post","link":"https:\/\/elinformante.mx\/?p=96768","title":{"rendered":"Delfina G\u00f3mez acompa\u00f1a a Claudia Sheinbaum durante reconocimiento a personal que apoy\u00f3 a afectados por lluvias"},"content":{"rendered":"\n<figure class=\"wp-block-pullquote\"><blockquote><p>se entregaron reconocimientos a elementos del Ej\u00e9rcito, la Armada, la Fuerza A\u00e9rea y la Guardia Nacional.<\/p><\/blockquote><\/figure>\n\n\n\n<p class=\"has-drop-cap\">La Gobernadora Delfina G\u00f3mez \u00c1lvarez acompa\u00f1\u00f3 a la Presidenta Claudia Sheinbaum Pardo en la Ceremonia de Reconocimiento al Personal que particip\u00f3 en tareas de Protecci\u00f3n Civil en auxilio a la poblaci\u00f3n afectada por las lluvias en los estados de Hidalgo, Puebla, Quer\u00e9taro, San Luis Potos\u00ed y Veracruz, en octubre pasado.<br><\/p>\n\n\n\n<p>En la Plataforma del Centro Estrat\u00e9gico Militar de Acopio Santa Luc\u00eda, se entregaron reconocimientos a elementos del Ej\u00e9rcito, la Armada, la Fuerza A\u00e9rea y la Guardia Nacional, as\u00ed como a personal de las Secretar\u00edas de Bienestar, Hacienda, Energ\u00eda, Salud, Turismo y de Infraestructura, Comunicaciones y Transportes; adem\u00e1s de la Comisi\u00f3n Federal de Electricidad, Protecci\u00f3n Civil y los \u201ccamineros\u201d que construyen, mantienen y reparan caminos y carreteras.<br><\/p>\n\n\n\n<p>Asimismo, se presenci\u00f3 el desfile de aeronaves de ala fija y rotativa que tendieron un \u201cpuente a\u00e9reo\u201d con las entidades federativas afectadas por las lluvias. Estas unidades realizaron m\u00e1s de mil 800 operaciones a\u00e9reas para transportar m\u00e1s de 700 toneladas de alimentos, medicinas, agua, cobijas y personal m\u00e9dico, as\u00ed como para trasladar a personas necesitadas de atenci\u00f3n hospitalaria.<\/p>\n","protected":false},"excerpt":{"rendered":"<p>se entregaron reconocimientos a elementos del Ej\u00e9rcito, la Armada, la Fuerza A\u00e9rea y la Guardia Nacional. La Gobernadora Delfina G\u00f3mez \u00c1lvarez acompa\u00f1\u00f3 a la Presidenta Claudia Sheinbaum Pardo en la Ceremonia de Reconocimiento al Personal que particip\u00f3 en tareas de Protecci\u00f3n Civil en auxilio a la poblaci\u00f3n afectada por las lluvias en los estados de [&hellip;]<\/p>\n","protected":false},"author":1,"featured_media":96773,"comment_status":"closed","ping_status":"closed","sticky":false,"template":"","format":"standard","meta":{"footnotes":""},"categories":[30,36],"tags":[],"class_list":["post-96768","post","type-post","status-publish","format-standard","has-post-thumbnail","hentry","category-destacado","category-edomex"],"_links":{"self":[{"href":"https:\/\/elinformante.mx\/index.php?rest_route=\/wp\/v2\/posts\/96768","targetHints":{"allow":["GET"]}}],"collection":[{"href":"https:\/\/elinformante.mx\/index.php?rest_route=\/wp\/v2\/posts"}],"about":[{"href":"https:\/\/elinformante.mx\/index.php?rest_route=\/wp\/v2\/types\/post"}],"author":[{"embeddable":true,"href":"https:\/\/elinformante.mx\/index.php?rest_route=\/wp\/v2\/users\/1"}],"replies":[{"embeddable":true,"href":"https:\/\/elinformante.mx\/index.php?rest_route=%2Fwp%2Fv2%2Fcomments&post=96768"}],"version-history":[{"count":0,"href":"https:\/\/elinformante.mx\/index.php?rest_route=\/wp\/v2\/posts\/96768\/revisions"}],"wp:featuredmedia":[{"embeddable":true,"href":"https:\/\/elinformante.mx\/index.php?rest_route=\/wp\/v2\/media\/96773"}],"wp:attachment":[{"href":"https:\/\/elinformante.mx\/index.php?rest_route=%2Fwp%2Fv2%2Fmedia&parent=96768"}],"wp:term":[{"taxonomy":"category","embeddable":true,"href":"https:\/\/elinformante.mx\/index.php?rest_route=%2Fwp%2Fv2%2Fcategories&post=96768"},{"taxonomy":"post_tag","embeddable":true,"href":"https:\/\/elinformante.mx\/index.php?rest_route=%2Fwp%2Fv2%2Ftags&post=96768"}],"curies":[{"name":"wp","href":"https:\/\/api.w.org\/{rel}","templated":true}]}}