{"id":96849,"date":"2025-12-01T06:10:24","date_gmt":"2025-12-01T12:10:24","guid":{"rendered":"https:\/\/elinformante.mx\/?p=96849"},"modified":"2025-12-01T06:10:28","modified_gmt":"2025-12-01T12:10:28","slug":"zinacantepec-sigue-escribiendo-una-nueva-pagina-en-su-historia-vilchis-viveros","status":"publish","type":"post","link":"https:\/\/elinformante.mx\/?p=96849","title":{"rendered":"Zinacantepec sigue escribiendo una nueva p\u00e1gina en su historia: Vilchis Viveros"},"content":{"rendered":"\n<figure class=\"wp-block-pullquote\"><blockquote><p>Entreg\u00f3 patrullas nuevas, camiones recolectores, adem\u00e1s de encabezar la ceremonia de entrega de la rehabilitaci\u00f3n del Centro Acu\u00e1tico Zinacantepec.<\/p><\/blockquote><\/figure>\n\n\n\n<p class=\"has-drop-cap\">El presidente municipal de Zinacantepec, Manuel Vilchis Viveros, encabez\u00f3 durante el fin de semana varios eventos, comenzando con la entrega de la rehabilitaci\u00f3n del Centro Acu\u00e1tico Zinacantepec<br><\/p>\n\n\n\n<p>Durante el evento, Vilchis Viveros se\u00f1al\u00f3 que en el Centro se llev\u00f3 a cabo la modernizaci\u00f3n de las albercas, con la finalidad de continuar formando a nadadores de esta demarcaci\u00f3n y sus alrededores, adem\u00e1s de ser una muestra del desarrollo que se impulsa para la poblaci\u00f3n.<br><\/p>\n\n\n\n<p>Durante la entrega, Vilchis Viveros estuvo acompa\u00f1ado por los atletas medallistas como Gloria Zarza Guadarrama, oro en los \u00faltimos juegos paral\u00edmpicos; Zudikey Rodr\u00edguez N\u00fa\u00f1ez, velocista mexicana, medalla de plata en Juegos Panamericanos, Patricio \u201cPato\u201d Araujo, campe\u00f3n del mundo Sub-17, capit\u00e1n de la Selecci\u00f3n Mexicana Sub-20, exfutbolista profesional; H\u00e9ctor Aguirre, boxeador profesional y campe\u00f3n nacional de boxeo amateur.<br><\/p>\n\n\n\n<p>Vilchis Viveros destac\u00f3 que la rehabilitaci\u00f3n de este centro representa salud, disciplina, bienestar y oportunidades para la ciudadan\u00eda.<br><\/p>\n\n\n\n<figure class=\"wp-block-image size-large\"><img fetchpriority=\"high\" decoding=\"async\" width=\"1024\" height=\"506\" src=\"https:\/\/elinformante.mx\/wp-content\/uploads\/2025\/12\/13zina-2-1024x506.jpg\" alt=\"\" class=\"wp-image-96851\" srcset=\"https:\/\/elinformante.mx\/wp-content\/uploads\/2025\/12\/13zina-2-1024x506.jpg 1024w, https:\/\/elinformante.mx\/wp-content\/uploads\/2025\/12\/13zina-2-300x148.jpg 300w, https:\/\/elinformante.mx\/wp-content\/uploads\/2025\/12\/13zina-2-768x379.jpg 768w, https:\/\/elinformante.mx\/wp-content\/uploads\/2025\/12\/13zina-2.jpg 1140w\" sizes=\"(max-width: 1024px) 100vw, 1024px\" \/><\/figure>\n\n\n\n<p>Tambi\u00e9n hizo entrega de siete patrullas destinadas a reforzar las labores de vigilancia en colonias y comunidades del municipio; estas unidades permitir\u00e1n ampliar recorridos preventivos y mejorar la capacidad de respuesta de la Direcci\u00f3n de Seguridad P\u00fablica y Tr\u00e1nsito.<br><\/p>\n\n\n\n<p>Con la adhesi\u00f3n de estas unidades, se tiene un total de 19 patrullas nuevas que han sido entregadas solo este 2025, dando un total de 56 patrullas que circulan por las calles del municipio.<br><\/p>\n\n\n\n<p>Tambi\u00e9n entreg\u00f3 dos camiones recolectores de basura al parque vehicular de Servicios P\u00fablicos, se\u00f1alando que con estos veh\u00edculos se busca atender con mayor regularidad las rutas de recolecci\u00f3n y avanzar en el mantenimiento de espacios comunes, un punto que ha sido recurrente en las solicitudes ciudadanas.<br><\/p>\n\n\n\n<p>Tambi\u00e9n record\u00f3 que dentro de poco presentar\u00e1 su Primer Informe de Resultados donde presentar\u00e1 con absoluta transparencia el trabajo realizado junto a la ciudadan\u00eda: obras, programas sociales, infraestructura, seguridad, deporte, cultura y desarrollo para todas las familias.<\/p>\n","protected":false},"excerpt":{"rendered":"<p>Entreg\u00f3 patrullas nuevas, camiones recolectores, adem\u00e1s de encabezar la ceremonia de entrega de la rehabilitaci\u00f3n del Centro Acu\u00e1tico Zinacantepec. El presidente municipal de Zinacantepec, Manuel Vilchis Viveros, encabez\u00f3 durante el fin de semana varios eventos, comenzando con la entrega de la rehabilitaci\u00f3n del Centro Acu\u00e1tico Zinacantepec Durante el evento, Vilchis Viveros se\u00f1al\u00f3 que en el [&hellip;]<\/p>\n","protected":false},"author":1,"featured_media":96850,"comment_status":"closed","ping_status":"closed","sticky":false,"template":"","format":"standard","meta":{"footnotes":""},"categories":[30,36],"tags":[],"class_list":["post-96849","post","type-post","status-publish","format-standard","has-post-thumbnail","hentry","category-destacado","category-edomex"],"_links":{"self":[{"href":"https:\/\/elinformante.mx\/index.php?rest_route=\/wp\/v2\/posts\/96849","targetHints":{"allow":["GET"]}}],"collection":[{"href":"https:\/\/elinformante.mx\/index.php?rest_route=\/wp\/v2\/posts"}],"about":[{"href":"https:\/\/elinformante.mx\/index.php?rest_route=\/wp\/v2\/types\/post"}],"author":[{"embeddable":true,"href":"https:\/\/elinformante.mx\/index.php?rest_route=\/wp\/v2\/users\/1"}],"replies":[{"embeddable":true,"href":"https:\/\/elinformante.mx\/index.php?rest_route=%2Fwp%2Fv2%2Fcomments&post=96849"}],"version-history":[{"count":0,"href":"https:\/\/elinformante.mx\/index.php?rest_route=\/wp\/v2\/posts\/96849\/revisions"}],"wp:featuredmedia":[{"embeddable":true,"href":"https:\/\/elinformante.mx\/index.php?rest_route=\/wp\/v2\/media\/96850"}],"wp:attachment":[{"href":"https:\/\/elinformante.mx\/index.php?rest_route=%2Fwp%2Fv2%2Fmedia&parent=96849"}],"wp:term":[{"taxonomy":"category","embeddable":true,"href":"https:\/\/elinformante.mx\/index.php?rest_route=%2Fwp%2Fv2%2Fcategories&post=96849"},{"taxonomy":"post_tag","embeddable":true,"href":"https:\/\/elinformante.mx\/index.php?rest_route=%2Fwp%2Fv2%2Ftags&post=96849"}],"curies":[{"name":"wp","href":"https:\/\/api.w.org\/{rel}","templated":true}]}}