{"id":96855,"date":"2025-12-01T06:16:03","date_gmt":"2025-12-01T12:16:03","guid":{"rendered":"https:\/\/elinformante.mx\/?p=96855"},"modified":"2025-12-01T06:16:06","modified_gmt":"2025-12-01T12:16:06","slug":"entrega-fernando-flores-rehabilitacion-del-fronton-en-santa-maria-ocotitlan","status":"publish","type":"post","link":"https:\/\/elinformante.mx\/?p=96855","title":{"rendered":"Entrega Fernando Flores rehabilitaci\u00f3n del front\u00f3n en Santa Mar\u00eda Ocotitl\u00e1n"},"content":{"rendered":"\n<figure class=\"wp-block-pullquote\"><blockquote><p>Recorri\u00f3 la zona reformada, acompa\u00f1ado de vecinos y familias que esperaban con emoci\u00f3n la apertura.<\/p><\/blockquote><\/figure>\n\n\n\n<p class=\"has-drop-cap\">El presidente municipal de Metepec, Fernando Flores Fern\u00e1ndez, encabez\u00f3 la ceremonia de entrega de la rehabilitaci\u00f3n del front\u00f3n de Santa Mar\u00eda Ocotitl\u00e1n, un espacio deportivo que forma parte de la identidad de la comunidad y que por fin recibi\u00f3 la atenci\u00f3n que los vecinos hab\u00edan solicitado.<br><\/p>\n\n\n\n<p>Flores Fern\u00e1ndez recorri\u00f3 la zona reformada, acompa\u00f1ado de vecinos y familias que esperaban con emoci\u00f3n la apertura.<br><\/p>\n\n\n\n<p>Inform\u00f3 Flores Fern\u00e1ndez que la rehabilitaci\u00f3n del front\u00f3n incluy\u00f3 mejoras visibles en la cancha, muros y pintura, permitiendo que ahora se encuentre en condiciones \u00f3ptimas para disfrutarlo al m\u00e1ximo.<br><\/p>\n\n\n\n<p>Durante el evento, varios jugadores locales realizaron demostraciones para estrenar la cancha renovada, adem\u00e1s de invitar al presidente municipal a jugar y disfrutar de las instalaciones.<br><\/p>\n\n\n\n<figure class=\"wp-block-image size-large\"><img fetchpriority=\"high\" decoding=\"async\" width=\"1024\" height=\"506\" src=\"https:\/\/elinformante.mx\/wp-content\/uploads\/2025\/12\/11metepec-2-1024x506.jpg\" alt=\"\" class=\"wp-image-96859\" srcset=\"https:\/\/elinformante.mx\/wp-content\/uploads\/2025\/12\/11metepec-2-1024x506.jpg 1024w, https:\/\/elinformante.mx\/wp-content\/uploads\/2025\/12\/11metepec-2-300x148.jpg 300w, https:\/\/elinformante.mx\/wp-content\/uploads\/2025\/12\/11metepec-2-768x379.jpg 768w, https:\/\/elinformante.mx\/wp-content\/uploads\/2025\/12\/11metepec-2.jpg 1140w\" sizes=\"(max-width: 1024px) 100vw, 1024px\" \/><\/figure>\n\n\n\n<p>El ambiente fue completamente familiar: m\u00fasica, aplausos y un \u00e1nimo comunitario que dej\u00f3 claro lo importante que es contar con espacios dignos para el deporte.<br><\/p>\n\n\n\n<p>Vecinas y vecinos de la comunidad coincidieron en que este tipo de obras fortalecen el tejido social y motivan a m\u00e1s j\u00f3venes a involucrarse en actividades sanas.<br><\/p>\n\n\n\n<p>Flores Fern\u00e1ndez se\u00f1al\u00f3, al cierre del evento, que solo tiene un mensaje claro: su gobierno seguir\u00e1 recuperando espacios p\u00fablicos, para poder generar un mayor sentido de comunidad, bienestar y seguridad.<br><\/p>\n\n\n\n<p>Afirm\u00f3 que esta obra en Santa Mar\u00eda Ocotitl\u00e1n es un ejemplo de c\u00f3mo, con voluntad y cercan\u00eda con la gente, se pueden entregar resultados que realmente se disfrutan.<br><\/p>\n\n\n\n<p>\u201cCon esta rehabilitaci\u00f3n del front\u00f3n, los vecinos cuentan nuevamente con un punto de encuentro sano y renovado, listo para convertirse en el escenario de nuevas historias deportivas y momentos compartidos\u201d, finaliz\u00f3.<\/p>\n","protected":false},"excerpt":{"rendered":"<p>Recorri\u00f3 la zona reformada, acompa\u00f1ado de vecinos y familias que esperaban con emoci\u00f3n la apertura. El presidente municipal de Metepec, Fernando Flores Fern\u00e1ndez, encabez\u00f3 la ceremonia de entrega de la rehabilitaci\u00f3n del front\u00f3n de Santa Mar\u00eda Ocotitl\u00e1n, un espacio deportivo que forma parte de la identidad de la comunidad y que por fin recibi\u00f3 la [&hellip;]<\/p>\n","protected":false},"author":1,"featured_media":96858,"comment_status":"closed","ping_status":"closed","sticky":false,"template":"","format":"standard","meta":{"footnotes":""},"categories":[36],"tags":[],"class_list":["post-96855","post","type-post","status-publish","format-standard","has-post-thumbnail","hentry","category-edomex"],"_links":{"self":[{"href":"https:\/\/elinformante.mx\/index.php?rest_route=\/wp\/v2\/posts\/96855","targetHints":{"allow":["GET"]}}],"collection":[{"href":"https:\/\/elinformante.mx\/index.php?rest_route=\/wp\/v2\/posts"}],"about":[{"href":"https:\/\/elinformante.mx\/index.php?rest_route=\/wp\/v2\/types\/post"}],"author":[{"embeddable":true,"href":"https:\/\/elinformante.mx\/index.php?rest_route=\/wp\/v2\/users\/1"}],"replies":[{"embeddable":true,"href":"https:\/\/elinformante.mx\/index.php?rest_route=%2Fwp%2Fv2%2Fcomments&post=96855"}],"version-history":[{"count":0,"href":"https:\/\/elinformante.mx\/index.php?rest_route=\/wp\/v2\/posts\/96855\/revisions"}],"wp:featuredmedia":[{"embeddable":true,"href":"https:\/\/elinformante.mx\/index.php?rest_route=\/wp\/v2\/media\/96858"}],"wp:attachment":[{"href":"https:\/\/elinformante.mx\/index.php?rest_route=%2Fwp%2Fv2%2Fmedia&parent=96855"}],"wp:term":[{"taxonomy":"category","embeddable":true,"href":"https:\/\/elinformante.mx\/index.php?rest_route=%2Fwp%2Fv2%2Fcategories&post=96855"},{"taxonomy":"post_tag","embeddable":true,"href":"https:\/\/elinformante.mx\/index.php?rest_route=%2Fwp%2Fv2%2Ftags&post=96855"}],"curies":[{"name":"wp","href":"https:\/\/api.w.org\/{rel}","templated":true}]}}