{"id":96868,"date":"2025-12-01T06:30:56","date_gmt":"2025-12-01T12:30:56","guid":{"rendered":"https:\/\/elinformante.mx\/?p=96868"},"modified":"2025-12-01T06:30:59","modified_gmt":"2025-12-01T12:30:59","slug":"coordina-gem-protocolos-de-atencion-en-salud-con-motivo-del-mundial-de-futbol-2026","status":"publish","type":"post","link":"https:\/\/elinformante.mx\/?p=96868","title":{"rendered":"Coordina GEM protocolos de atenci\u00f3n en salud con motivo del Mundial de Futbol 2026"},"content":{"rendered":"\n<figure class=\"wp-block-pullquote\"><blockquote><p>Sesiona el Comit\u00e9 de Seguridad en Salud del Estado de M\u00e9xico para afinar las acciones a realizar en caso de cualquier contingencia durante la justa mundialista.<\/p><\/blockquote><\/figure>\n\n\n\n<p class=\"has-drop-cap\">Con el objetivo de brindar una respuesta oportuna en materia de salud ante la llegada de miles de visitantes nacionales y extranjeros, con motivo de la celebraci\u00f3n de la Copa Mundial de Futbol del a\u00f1o entrante, el Comit\u00e9 de Seguridad en Salud del Estado de M\u00e9xico refrend\u00f3 la coordinaci\u00f3n interinstitucional para tener listos servicios que sean necesarios.<br><\/p>\n\n\n\n<p>Se preparan protocolos tomando en cuenta que el estadio \u201cNemesio Diez\u201d, de la capital mexiquense, ser\u00e1 sede para entrenamiento de algunas selecciones participantes; adem\u00e1s, se espera la llegada de fan\u00e1ticos de diversas partes del mundo a la entidad por la cercan\u00eda con la Ciudad de M\u00e9xico, donde ser\u00e1 el partido inaugural.<br><\/p>\n\n\n\n<figure class=\"wp-block-image size-large\"><img fetchpriority=\"high\" decoding=\"async\" width=\"1024\" height=\"506\" src=\"https:\/\/elinformante.mx\/wp-content\/uploads\/2025\/12\/7coordina-1024x506.jpg\" alt=\"\" class=\"wp-image-96870\" srcset=\"https:\/\/elinformante.mx\/wp-content\/uploads\/2025\/12\/7coordina-1024x506.jpg 1024w, https:\/\/elinformante.mx\/wp-content\/uploads\/2025\/12\/7coordina-300x148.jpg 300w, https:\/\/elinformante.mx\/wp-content\/uploads\/2025\/12\/7coordina-768x379.jpg 768w, https:\/\/elinformante.mx\/wp-content\/uploads\/2025\/12\/7coordina.jpg 1140w\" sizes=\"(max-width: 1024px) 100vw, 1024px\" \/><\/figure>\n\n\n\n<p>Macarena Montoya Olvera, Secretaria de Salud, hizo un llamado a las diversas instituciones del sector a fin de brindar los mejores servicios, por lo que se integrar\u00e1 un directorio de servidores p\u00fablicos, tanto de las unidades hospitalarias del sector p\u00fablico como del privado, para estar preparados ante cualquier contingencia, con la principal premisa de atender a cualquier persona que requiera atenci\u00f3n m\u00e9dica.<br><\/p>\n\n\n\n<p>Se ha implementado un plan de trabajo con protocolos espec\u00edficos con todas las instancias involucradas, coordinadas por la Secretar\u00eda de Salud; para emergencias, se inform\u00f3 que tomar\u00e1n parte el Servicio de Urgencias del Estado de M\u00e9xico (SUEM); la Cruz Roja; Protecci\u00f3n Civil nacional, estatal y municipal; as\u00ed como las dependencias de seguridad p\u00fablica de las tres instancias de gobierno.<br><\/p>\n\n\n\n<p>La Secretaria Macarena Montoya, agradeci\u00f3 el apoyo de todas las dependencias y autoridades involucradas y reiter\u00f3 que la coordinaci\u00f3n interinstitucional ser\u00e1 parte fundamental para garantizar a las y los visitantes, as\u00ed como a la poblaci\u00f3n en general, una atenci\u00f3n inmediata en cualquier evento y que esta fiesta deportiva sea una grata experiencia para todas y todos.<\/p>\n","protected":false},"excerpt":{"rendered":"<p>Sesiona el Comit\u00e9 de Seguridad en Salud del Estado de M\u00e9xico para afinar las acciones a realizar en caso de cualquier contingencia durante la justa mundialista. Con el objetivo de brindar una respuesta oportuna en materia de salud ante la llegada de miles de visitantes nacionales y extranjeros, con motivo de la celebraci\u00f3n de la [&hellip;]<\/p>\n","protected":false},"author":1,"featured_media":96869,"comment_status":"closed","ping_status":"closed","sticky":false,"template":"","format":"standard","meta":{"footnotes":""},"categories":[36],"tags":[],"class_list":["post-96868","post","type-post","status-publish","format-standard","has-post-thumbnail","hentry","category-edomex"],"_links":{"self":[{"href":"https:\/\/elinformante.mx\/index.php?rest_route=\/wp\/v2\/posts\/96868","targetHints":{"allow":["GET"]}}],"collection":[{"href":"https:\/\/elinformante.mx\/index.php?rest_route=\/wp\/v2\/posts"}],"about":[{"href":"https:\/\/elinformante.mx\/index.php?rest_route=\/wp\/v2\/types\/post"}],"author":[{"embeddable":true,"href":"https:\/\/elinformante.mx\/index.php?rest_route=\/wp\/v2\/users\/1"}],"replies":[{"embeddable":true,"href":"https:\/\/elinformante.mx\/index.php?rest_route=%2Fwp%2Fv2%2Fcomments&post=96868"}],"version-history":[{"count":0,"href":"https:\/\/elinformante.mx\/index.php?rest_route=\/wp\/v2\/posts\/96868\/revisions"}],"wp:featuredmedia":[{"embeddable":true,"href":"https:\/\/elinformante.mx\/index.php?rest_route=\/wp\/v2\/media\/96869"}],"wp:attachment":[{"href":"https:\/\/elinformante.mx\/index.php?rest_route=%2Fwp%2Fv2%2Fmedia&parent=96868"}],"wp:term":[{"taxonomy":"category","embeddable":true,"href":"https:\/\/elinformante.mx\/index.php?rest_route=%2Fwp%2Fv2%2Fcategories&post=96868"},{"taxonomy":"post_tag","embeddable":true,"href":"https:\/\/elinformante.mx\/index.php?rest_route=%2Fwp%2Fv2%2Ftags&post=96868"}],"curies":[{"name":"wp","href":"https:\/\/api.w.org\/{rel}","templated":true}]}}