{"id":96871,"date":"2025-12-01T06:38:03","date_gmt":"2025-12-01T12:38:03","guid":{"rendered":"https:\/\/elinformante.mx\/?p=96871"},"modified":"2025-12-01T06:38:10","modified_gmt":"2025-12-01T12:38:10","slug":"delfina-gomez-y-la-rectora-de-uaemex-inauguran-el-centro-integral-de-atencion-a-pequenas-especies-en-texcoco","status":"publish","type":"post","link":"https:\/\/elinformante.mx\/?p=96871","title":{"rendered":"Delfina G\u00f3mez y la rectora de UAEM\u00e9x inauguran el Centro Integral de Atenci\u00f3n a Peque\u00f1as Especies en Texcoco"},"content":{"rendered":"\n<figure class=\"wp-block-pullquote\"><blockquote><p>-El sitio tiene el objetivo de rehabilitar y atender a seres sintientes que han sufrido abandono para reinsertarlos en un nuevo hogar.<\/p><\/blockquote><\/figure>\n\n\n\n<p class=\"has-drop-cap\">Con el compromiso de procurar el bienestar de los seres sintientes, la gobernadora Delfina G\u00f3mez \u00c1lvarez inaugur\u00f3 el Centro Integral de Atenci\u00f3n a Peque\u00f1as Especies ubicado en la Escuela Preparatoria \u201cPlantel Texcoco\u201d de la Universidad Aut\u00f3noma del Estado de M\u00e9xico (UAEM\u00e9x), el cual tiene como objetivo atender a todos aquellos lomitos o michis que, por alguna causa, se encuentren en situaci\u00f3n de calle.<br><\/p>\n\n\n\n<figure class=\"wp-block-image size-large\"><img fetchpriority=\"high\" decoding=\"async\" width=\"1024\" height=\"506\" src=\"https:\/\/elinformante.mx\/wp-content\/uploads\/2025\/12\/8delfina-2-1024x506.jpg\" alt=\"\" class=\"wp-image-96877\" srcset=\"https:\/\/elinformante.mx\/wp-content\/uploads\/2025\/12\/8delfina-2-1024x506.jpg 1024w, https:\/\/elinformante.mx\/wp-content\/uploads\/2025\/12\/8delfina-2-300x148.jpg 300w, https:\/\/elinformante.mx\/wp-content\/uploads\/2025\/12\/8delfina-2-768x379.jpg 768w, https:\/\/elinformante.mx\/wp-content\/uploads\/2025\/12\/8delfina-2.jpg 1140w\" sizes=\"(max-width: 1024px) 100vw, 1024px\" \/><\/figure>\n\n\n\n<p>En este Centro trabajar\u00e1n de manera coordinada la Comisi\u00f3n Estatal de Parques Naturales y de la Fauna (CEPANAF) y especialistas de la UAEM\u00e9x, donde se realizar\u00e1n tareas en favor del cuidado, la preservaci\u00f3n y el bienestar de los animales, para garantizar sus derechos como seres sintientes y cumplir con la demanda ciudadana que durante a\u00f1os hab\u00edan pedido las organizaciones defensoras de animales.<br><\/p>\n\n\n\n<p>\u201cDentro del proceso que tenemos y la oportunidad que se da, como Gobierno nos interesa mucho el promover esta cultura de la responsabilidad cuando est\u00e1n frente a nosotros un ser sintiente\u201d, asever\u00f3 la maestra Delfina G\u00f3mez \u00c1lvarez.<br><\/p>\n\n\n\n<figure class=\"wp-block-image size-large\"><img decoding=\"async\" width=\"1024\" height=\"506\" src=\"https:\/\/elinformante.mx\/wp-content\/uploads\/2025\/12\/8delfina-3-1024x506.jpg\" alt=\"\" class=\"wp-image-96878\" srcset=\"https:\/\/elinformante.mx\/wp-content\/uploads\/2025\/12\/8delfina-3-1024x506.jpg 1024w, https:\/\/elinformante.mx\/wp-content\/uploads\/2025\/12\/8delfina-3-300x148.jpg 300w, https:\/\/elinformante.mx\/wp-content\/uploads\/2025\/12\/8delfina-3-768x379.jpg 768w, https:\/\/elinformante.mx\/wp-content\/uploads\/2025\/12\/8delfina-3.jpg 1140w\" sizes=\"(max-width: 1024px) 100vw, 1024px\" \/><\/figure>\n\n\n\n<p>La Primera Mandataria mexiquense reconoci\u00f3 la labor de las diferentes personas que trabajan en favor del cuidado de los animales abandonados. Ante esto, el nuevo Centro se encuentra equipado con \u00e1reas de est\u00e9tica para el ba\u00f1ado de los animales, jaulas de resguardo, \u00e1rea de cuarentena y de esparcimiento social y animal, as\u00ed como diversos consultorios equipados con medicamentos e instrumental m\u00e9dico tecnol\u00f3gico, para que los veterinarios puedan realizar intervenciones quir\u00fargicas como desparasitaciones, curaci\u00f3n de heridas, esterilizaciones y m\u00e1s.<br><\/p>\n\n\n\n<p>\u201cEstoy muy contenta y muy agradecida, en primera con todos ustedes por ser parte fundamental y, sin duda alguna, alguien que nos da esa motivaci\u00f3n y nos da ese ejemplo; son precisamente nuestras compa\u00f1eras protectoras de animales; por eso a ellas, todo el trabajo, todo el reconocimiento, todo lo que podamos hacer\u201d, expres\u00f3 la gobernadora Delfina G\u00f3mez \u00c1lvarez.<br><\/p>\n\n\n\n<figure class=\"wp-block-image size-large\"><img decoding=\"async\" width=\"1024\" height=\"506\" src=\"https:\/\/elinformante.mx\/wp-content\/uploads\/2025\/12\/8delfina-6-1024x506.jpg\" alt=\"\" class=\"wp-image-96879\" srcset=\"https:\/\/elinformante.mx\/wp-content\/uploads\/2025\/12\/8delfina-6-1024x506.jpg 1024w, https:\/\/elinformante.mx\/wp-content\/uploads\/2025\/12\/8delfina-6-300x148.jpg 300w, https:\/\/elinformante.mx\/wp-content\/uploads\/2025\/12\/8delfina-6-768x379.jpg 768w, https:\/\/elinformante.mx\/wp-content\/uploads\/2025\/12\/8delfina-6.jpg 1140w\" sizes=\"(max-width: 1024px) 100vw, 1024px\" \/><\/figure>\n\n\n\n<p>Este Centro reforzar\u00e1 en el Oriente del Estado de M\u00e9xico la atenci\u00f3n de animales dom\u00e9sticos que se encuentren en situaci\u00f3n de calle, sufriendo abandono y maltrato, y con ello, ayudar\u00e1 al bienestar animal, fortaleciendo la colaboraci\u00f3n entre el Gobierno Mexiquense y la casa de estudios UAEM\u00e9x, que ofrece el servicio de j\u00f3venes m\u00e9dicos veterinarios que atiendan a los seres sintientes.<br><\/p>\n\n\n\n<p>Acompa\u00f1aron a la gobernadora Delfina G\u00f3mez \u00c1lvarez, Alma Diana Tapia Maya, directora general de la CEPANAF; Martha Patricia Zarza Delgado, rectora de la UAEM\u00e9x; Sergio Luis Rold\u00e1n V\u00e1squez, director de la UAEM\u00e9x \u201cPlantel Texcoco\u201d, y Adri\u00e1n Manuel Mart\u00ednez Garc\u00eda, quien fungir\u00e1 como responsable de este nuevo Centro.<\/p>\n\n\n\n<figure class=\"wp-block-image size-large\"><img loading=\"lazy\" decoding=\"async\" width=\"1024\" height=\"506\" src=\"https:\/\/elinformante.mx\/wp-content\/uploads\/2025\/12\/8delfina-4-1024x506.jpg\" alt=\"\" class=\"wp-image-96880\" srcset=\"https:\/\/elinformante.mx\/wp-content\/uploads\/2025\/12\/8delfina-4-1024x506.jpg 1024w, https:\/\/elinformante.mx\/wp-content\/uploads\/2025\/12\/8delfina-4-300x148.jpg 300w, https:\/\/elinformante.mx\/wp-content\/uploads\/2025\/12\/8delfina-4-768x379.jpg 768w, https:\/\/elinformante.mx\/wp-content\/uploads\/2025\/12\/8delfina-4.jpg 1140w\" sizes=\"(max-width: 1024px) 100vw, 1024px\" \/><\/figure>\n","protected":false},"excerpt":{"rendered":"<p>-El sitio tiene el objetivo de rehabilitar y atender a seres sintientes que han sufrido abandono para reinsertarlos en un nuevo hogar. Con el compromiso de procurar el bienestar de los seres sintientes, la gobernadora Delfina G\u00f3mez \u00c1lvarez inaugur\u00f3 el Centro Integral de Atenci\u00f3n a Peque\u00f1as Especies ubicado en la Escuela Preparatoria \u201cPlantel Texcoco\u201d de [&hellip;]<\/p>\n","protected":false},"author":1,"featured_media":96876,"comment_status":"closed","ping_status":"closed","sticky":false,"template":"","format":"standard","meta":{"footnotes":""},"categories":[30,36,31],"tags":[46],"class_list":["post-96871","post","type-post","status-publish","format-standard","has-post-thumbnail","hentry","category-destacado","category-edomex","category-portada","tag-portadaedomex"],"_links":{"self":[{"href":"https:\/\/elinformante.mx\/index.php?rest_route=\/wp\/v2\/posts\/96871","targetHints":{"allow":["GET"]}}],"collection":[{"href":"https:\/\/elinformante.mx\/index.php?rest_route=\/wp\/v2\/posts"}],"about":[{"href":"https:\/\/elinformante.mx\/index.php?rest_route=\/wp\/v2\/types\/post"}],"author":[{"embeddable":true,"href":"https:\/\/elinformante.mx\/index.php?rest_route=\/wp\/v2\/users\/1"}],"replies":[{"embeddable":true,"href":"https:\/\/elinformante.mx\/index.php?rest_route=%2Fwp%2Fv2%2Fcomments&post=96871"}],"version-history":[{"count":0,"href":"https:\/\/elinformante.mx\/index.php?rest_route=\/wp\/v2\/posts\/96871\/revisions"}],"wp:featuredmedia":[{"embeddable":true,"href":"https:\/\/elinformante.mx\/index.php?rest_route=\/wp\/v2\/media\/96876"}],"wp:attachment":[{"href":"https:\/\/elinformante.mx\/index.php?rest_route=%2Fwp%2Fv2%2Fmedia&parent=96871"}],"wp:term":[{"taxonomy":"category","embeddable":true,"href":"https:\/\/elinformante.mx\/index.php?rest_route=%2Fwp%2Fv2%2Fcategories&post=96871"},{"taxonomy":"post_tag","embeddable":true,"href":"https:\/\/elinformante.mx\/index.php?rest_route=%2Fwp%2Fv2%2Ftags&post=96871"}],"curies":[{"name":"wp","href":"https:\/\/api.w.org\/{rel}","templated":true}]}}