{"id":96881,"date":"2025-12-01T06:49:28","date_gmt":"2025-12-01T12:49:28","guid":{"rendered":"https:\/\/elinformante.mx\/?p=96881"},"modified":"2025-12-01T06:49:33","modified_gmt":"2025-12-01T12:49:33","slug":"aprueba-concejo-de-la-alcaldia-cuauhtemoc-proyecto-de-presupuesto-de-egresos-2026","status":"publish","type":"post","link":"https:\/\/elinformante.mx\/?p=96881","title":{"rendered":"Aprueba concejo de la alcald\u00eda Cuauht\u00e9moc proyecto de Presupuesto de Egresos 2026"},"content":{"rendered":"\n<figure class=\"wp-block-pullquote\"><blockquote><p>-La alcaldesa Ale Rojo de la Vega lament\u00f3 que, pese a las necesidades reales de la demarcaci\u00f3n, el presupuesto aprobado contin\u00fae siendo insuficiente para atender a una poblaci\u00f3n que diariamente multiplica su demanda de servicios.<\/p><\/blockquote><\/figure>\n\n\n\n<p class=\"has-drop-cap\">En su calidad de presidenta del Concejo 2024\u20132027, Alessandra Rojo de la Vega encabez\u00f3 la segunda sesi\u00f3n extraordinaria del a\u00f1o, en la que se aprob\u00f3 por unanimidad el Proyecto de Presupuesto de Egresos de la Alcald\u00eda Cuauht\u00e9moc para 2026, por un monto de 4 mil 473 millones 593 mil 229 pesos.<br><\/p>\n\n\n\n<p>Casi el 60% de este total corresponde a servicios personales, lo que deja un margen operativo reducido para atender las necesidades diarias de la demarcaci\u00f3n m\u00e1s transitada de la capital.<br><\/p>\n\n\n\n<p>Del monto asignado, el 58.44% corresponde al Cap\u00edtulo 1000 (Servicios Personales), con 2 mil 608 millones 682 mil 79 pesos, cifra que reafirma la presi\u00f3n estructural sobre la n\u00f3mina y limita de manera considerable la capacidad operativa de la Alcald\u00eda.<br><\/p>\n\n\n\n<p>Adem\u00e1s, el presupuesto contempla 178 millones 543 mil 729 pesos para Presupuesto Participativo, lo que representa el 4% del total.<br><\/p>\n\n\n\n<p>Durante la sesi\u00f3n, se present\u00f3 el contenido del anteproyecto y su marco normativo, as\u00ed como la estructura program\u00e1tica alineada a los ejes de gobierno de la administraci\u00f3n actual. Se explic\u00f3 que el documento ser\u00e1 enviado a la Secretar\u00eda de Administraci\u00f3n y Finanzas de la Ciudad de M\u00e9xico para su integraci\u00f3n al proyecto de presupuesto que se discutir\u00e1 ante el Congreso local.<br><\/p>\n\n\n\n<p>La distribuci\u00f3n del gasto expuesta ante el Concejo dej\u00f3 ver nuevamente el desaf\u00edo al que se enfrenta la administraci\u00f3n: un presupuesto mayoritariamente etiquetado \u2014con montos fijos para n\u00f3mina, energ\u00eda el\u00e9ctrica, combustibles, agua, telefon\u00eda y obligaciones centrales\u2014 y una porci\u00f3n m\u00ednima disponible para operaci\u00f3n diaria, servicios p\u00fablicos, infraestructura y atenci\u00f3n ciudadana. En la pr\u00e1ctica, esto significa que las necesidades de casi 600 mil habitantes y de una poblaci\u00f3n flotante que oscila entre 3 y 5 millones de personas cada d\u00eda deben resolverse con un margen operativo limitado.<br><\/p>\n\n\n\n<p>Al tomar la palabra, la alcaldesa lament\u00f3 que el incremento proyectado para 2026 sea menor al asignado este a\u00f1o y subray\u00f3 que, aun cuando Cuauht\u00e9moc recibir\u00e1 a millones de visitantes por el Mundial 2026 \u2014adem\u00e1s de su afluencia cotidiana\u2014, no se refleje en el presupuesto un reconocimiento proporcional a las cargas reales de la demarcaci\u00f3n.<br><\/p>\n\n\n\n<p>La edil acudi\u00f3 al Congreso de la Ciudad de M\u00e9xico durante la semana pasada, para solicitar un incremento del 85%, monto que permitir\u00eda dotar a la alcald\u00eda de la capacidad m\u00ednima necesaria para ofrecer servicios p\u00fablicos eficientes en un territorio que concentra centros de trabajo, espacios tur\u00edsticos, zonas comerciales, recintos culturales y la mayor movilidad peatonal del pa\u00eds.<br><\/p>\n\n\n\n<p>Ale Rojo de la Vega agradeci\u00f3 a su equipo por el trabajo realizado en torno a este proyecto, as\u00ed como a las concejalas y concejales por su disposici\u00f3n para sesionar de manera extraordinaria. Tambi\u00e9n reiter\u00f3 que, pese a las limitaciones, su gobierno mantendr\u00e1 la ruta de resultados, eficiencia y cercan\u00eda que ha caracterizado la administraci\u00f3n desde el primer d\u00eda.<\/p>\n","protected":false},"excerpt":{"rendered":"<p>-La alcaldesa Ale Rojo de la Vega lament\u00f3 que, pese a las necesidades reales de la demarcaci\u00f3n, el presupuesto aprobado contin\u00fae siendo insuficiente para atender a una poblaci\u00f3n que diariamente multiplica su demanda de servicios. En su calidad de presidenta del Concejo 2024\u20132027, Alessandra Rojo de la Vega encabez\u00f3 la segunda sesi\u00f3n extraordinaria del a\u00f1o, [&hellip;]<\/p>\n","protected":false},"author":1,"featured_media":96885,"comment_status":"closed","ping_status":"closed","sticky":false,"template":"","format":"standard","meta":{"footnotes":""},"categories":[35,30],"tags":[],"class_list":["post-96881","post","type-post","status-publish","format-standard","has-post-thumbnail","hentry","category-cdmx","category-destacado"],"_links":{"self":[{"href":"https:\/\/elinformante.mx\/index.php?rest_route=\/wp\/v2\/posts\/96881","targetHints":{"allow":["GET"]}}],"collection":[{"href":"https:\/\/elinformante.mx\/index.php?rest_route=\/wp\/v2\/posts"}],"about":[{"href":"https:\/\/elinformante.mx\/index.php?rest_route=\/wp\/v2\/types\/post"}],"author":[{"embeddable":true,"href":"https:\/\/elinformante.mx\/index.php?rest_route=\/wp\/v2\/users\/1"}],"replies":[{"embeddable":true,"href":"https:\/\/elinformante.mx\/index.php?rest_route=%2Fwp%2Fv2%2Fcomments&post=96881"}],"version-history":[{"count":0,"href":"https:\/\/elinformante.mx\/index.php?rest_route=\/wp\/v2\/posts\/96881\/revisions"}],"wp:featuredmedia":[{"embeddable":true,"href":"https:\/\/elinformante.mx\/index.php?rest_route=\/wp\/v2\/media\/96885"}],"wp:attachment":[{"href":"https:\/\/elinformante.mx\/index.php?rest_route=%2Fwp%2Fv2%2Fmedia&parent=96881"}],"wp:term":[{"taxonomy":"category","embeddable":true,"href":"https:\/\/elinformante.mx\/index.php?rest_route=%2Fwp%2Fv2%2Fcategories&post=96881"},{"taxonomy":"post_tag","embeddable":true,"href":"https:\/\/elinformante.mx\/index.php?rest_route=%2Fwp%2Fv2%2Ftags&post=96881"}],"curies":[{"name":"wp","href":"https:\/\/api.w.org\/{rel}","templated":true}]}}