{"id":96884,"date":"2025-12-01T06:50:53","date_gmt":"2025-12-01T12:50:53","guid":{"rendered":"https:\/\/elinformante.mx\/?p=96884"},"modified":"2025-12-01T06:50:57","modified_gmt":"2025-12-01T12:50:57","slug":"se-llevo-a-cabo-noche-de-las-estrellas-2025-en-la-unam","status":"publish","type":"post","link":"https:\/\/elinformante.mx\/?p=96884","title":{"rendered":"Se llev\u00f3 a cabo \u201cNoche de las Estrellas 2025\u201d en la UNAM"},"content":{"rendered":"\n<figure class=\"wp-block-pullquote\"><blockquote><p>-El evento reuni\u00f3 a 90 mil personas en las islas de Ciudad Universitaria, donde se instalaron 270 telescopios, 63 carpas tem\u00e1ticas, adem\u00e1s de conferencias, talleres, juegos, experimentos, demostraciones y dos planetarios.<\/p><\/blockquote><\/figure>\n\n\n\n<p class=\"has-drop-cap\">Con una asistencia r\u00e9cord de 90 mil personas, las Islas de Ciudad Universitaria se transformaron en un enorme observatorio p\u00fablico durante la Noche de las Estrellas 2025, uno de los encuentros de divulgaci\u00f3n cient\u00edfica m\u00e1s importantes del pa\u00eds y donde la Secretar\u00eda de Educaci\u00f3n, Ciencia, Tecnolog\u00eda e Innovaci\u00f3n de la Ciudad de M\u00e9xico (SECTEI) estuvo presente con talleres de nanotecnolog\u00eda, experimentos sobre la memoria sensorial y hongos sanando cerebros.<br><\/p>\n\n\n\n<p>Este a\u00f1o el evento, organizado por la Universidad Nacional Aut\u00f3noma de M\u00e9xico (UNAM), se dedic\u00f3 como homenaje p\u00f3stumo a la reconocida astr\u00f3noma Julieta Fierro, fallecida en septiembre pasado, heredando un legado que marc\u00f3 profundamente la vida cient\u00edfica y cultural del pa\u00eds.<br><\/p>\n\n\n\n<p>A lo largo de la jornada se instalaron 270 telescopios que permitieron observar la Luna, Saturno y diversas nebulosas bajo un cielo despejado que permiti\u00f3 disfrutar esta actividad a familias, estudiantes, especialistas y p\u00fablico general.<br><\/p>\n\n\n\n<p>Aunque intensas interferencias electromagn\u00e9ticas impidieron la realizaci\u00f3n del espect\u00e1culo de drones, los asistentes abarrotaron los conciertos, los conversatorios y las actividades distribuidas en las 63 carpas tem\u00e1ticas, donde se desarrollaron 398 conferencias, 882 talleres, juegos, experimentos, demostraciones y dos planetarios con funciones continuas.<br><\/p>\n\n\n\n<p>Por otro lado, la UNAM inform\u00f3 que el espect\u00e1culo de drones ser\u00e1 reprogramado y anunciar\u00e1 la nueva fecha en sus redes oficiales.<br><\/p>\n\n\n\n<p>En esta edici\u00f3n, SECTEI particip\u00f3 activamente con talleres dedicados a acercar la ciencia a ni\u00f1as, ni\u00f1os y toda la familia, fortaleciendo el car\u00e1cter formativo e inclusivo del evento. Las actividades se sumaron a la amplia oferta de divulgaci\u00f3n dise\u00f1ada para distintos niveles de conocimientos y edades que ofrece la dependencia de la Ciudad de M\u00e9xico.<br><\/p>\n\n\n\n<p>Talleres como el de Nanolab mostr\u00f3 la importancia de la nanotecnolog\u00eda en la vida cotidiana. Asimismo, se explor\u00f3 c\u00f3mo los sentidos influyen en la formaci\u00f3n de la memoria, enfoc\u00e1ndose en la memoria sensorial, as\u00ed como en la memoria a corto y largo plazo; en este taller los participantes realizaron un ejercicio t\u00e1ctil y visual que les permiti\u00f3 reflexionar sobre su experiencia al intentar memorizar los objetos presentados. Tambi\u00e9n se habl\u00f3 sobre la p\u00e9rdida de la memoria asociada a padecimientos como el infarto cerebral y c\u00f3mo el consumo de un compuesto del ajo puede mejorarla.<br><\/p>\n\n\n\n<p>Durante la inauguraci\u00f3n, el coordinador general del evento, Jos\u00e9 Franco, destac\u00f3 que la Noche de las Estrellas es hoy una de las celebraciones de astronom\u00eda m\u00e1s grandes del mundo. Se\u00f1al\u00f3 que en sus 17 ediciones ha superado los cuatro millones de asistentes y subray\u00f3 el entusiasmo del p\u00fablico y el compromiso de los 750 voluntarios que hicieron posible el encuentro.<br><\/p>\n\n\n\n<p>Autoridades universitarias como el director del Instituto de Astronom\u00eda, Yair Krongold, y Joaqu\u00edn Narro, director de Divulgaci\u00f3n, resaltaron el esfuerzo institucional para acercar la ciencia al p\u00fablico y celebraron la respuesta masiva de la comunidad universitaria y la sociedad.<br><\/p>\n\n\n\n<p>Las Islas se convirtieron en un espacio de encuentro entre la ciencia, la cultura y la memoria. En palabras de los organizadores, la Noche de las Estrellas sigue consolid\u00e1ndose como una gran fiesta del conocimiento, impulsada por el entusiasmo colectivo y el legado de quienes, como Julieta Fierro, dedicaron su vida a inspirar curiosidad y asombro por el Universo.<\/p>\n","protected":false},"excerpt":{"rendered":"<p>-El evento reuni\u00f3 a 90 mil personas en las islas de Ciudad Universitaria, donde se instalaron 270 telescopios, 63 carpas tem\u00e1ticas, adem\u00e1s de conferencias, talleres, juegos, experimentos, demostraciones y dos planetarios. Con una asistencia r\u00e9cord de 90 mil personas, las Islas de Ciudad Universitaria se transformaron en un enorme observatorio p\u00fablico durante la Noche de [&hellip;]<\/p>\n","protected":false},"author":1,"featured_media":96887,"comment_status":"closed","ping_status":"closed","sticky":false,"template":"","format":"standard","meta":{"footnotes":""},"categories":[35],"tags":[],"class_list":["post-96884","post","type-post","status-publish","format-standard","has-post-thumbnail","hentry","category-cdmx"],"_links":{"self":[{"href":"https:\/\/elinformante.mx\/index.php?rest_route=\/wp\/v2\/posts\/96884","targetHints":{"allow":["GET"]}}],"collection":[{"href":"https:\/\/elinformante.mx\/index.php?rest_route=\/wp\/v2\/posts"}],"about":[{"href":"https:\/\/elinformante.mx\/index.php?rest_route=\/wp\/v2\/types\/post"}],"author":[{"embeddable":true,"href":"https:\/\/elinformante.mx\/index.php?rest_route=\/wp\/v2\/users\/1"}],"replies":[{"embeddable":true,"href":"https:\/\/elinformante.mx\/index.php?rest_route=%2Fwp%2Fv2%2Fcomments&post=96884"}],"version-history":[{"count":0,"href":"https:\/\/elinformante.mx\/index.php?rest_route=\/wp\/v2\/posts\/96884\/revisions"}],"wp:featuredmedia":[{"embeddable":true,"href":"https:\/\/elinformante.mx\/index.php?rest_route=\/wp\/v2\/media\/96887"}],"wp:attachment":[{"href":"https:\/\/elinformante.mx\/index.php?rest_route=%2Fwp%2Fv2%2Fmedia&parent=96884"}],"wp:term":[{"taxonomy":"category","embeddable":true,"href":"https:\/\/elinformante.mx\/index.php?rest_route=%2Fwp%2Fv2%2Fcategories&post=96884"},{"taxonomy":"post_tag","embeddable":true,"href":"https:\/\/elinformante.mx\/index.php?rest_route=%2Fwp%2Fv2%2Ftags&post=96884"}],"curies":[{"name":"wp","href":"https:\/\/api.w.org\/{rel}","templated":true}]}}