{"id":96886,"date":"2025-12-01T06:53:05","date_gmt":"2025-12-01T12:53:05","guid":{"rendered":"https:\/\/elinformante.mx\/?p=96886"},"modified":"2025-12-01T06:53:09","modified_gmt":"2025-12-01T12:53:09","slug":"clara-brugada-presenta-campana-separacion-de-residuos-en-cdmx","status":"publish","type":"post","link":"https:\/\/elinformante.mx\/?p=96886","title":{"rendered":"Clara Brugada presenta campa\u00f1a \u201cSeparaci\u00f3n de Residuos\u201d en CDMX"},"content":{"rendered":"\n<figure class=\"wp-block-pullquote\"><blockquote><p>-A partir del 1 de enero de 2026 comenzar\u00e1 formalmente la recolecci\u00f3n de residuos s\u00f3lidos, que, dependiendo de su tipo, se les asign\u00f3 un d\u00eda determinado de la semana.<\/p><\/blockquote><\/figure>\n\n\n\n<p class=\"has-drop-cap\">La Jefa de Gobierno, Clara Brugada Molina, present\u00f3 la campa\u00f1a \u201cTransforma tu ciudad, cada residuo en su lugar\u201d, para el aprovechamiento de desperdicios con el objetivo de intervenir de manera integral la vida en la capital.<br><\/p>\n\n\n\n<p>Destac\u00f3 que a nivel mundial la producci\u00f3n de residuos y lo que se hace con ellos es uno de los temas m\u00e1s importantes para las ciudades, como la capital del pa\u00eds, donde todos los d\u00edas se generan 8 mil 500 toneladas.<br><\/p>\n\n\n\n<p>Como un primer paso se encuentra dejar de llamarla \u201cbasura\u201d, que significa un desecho que no se puede utilizar, y pasar a nombrarla \u201cresiduo\u201d, que refiere a algo reutilizable, pues el objetivo es transformarla y que los desechos tengan un valor.<br><\/p>\n\n\n\n<p>En ese sentido, refiri\u00f3 que es importante que la ciudadan\u00eda tenga la tarea de no mezclar los residuos para evitar su contaminaci\u00f3n y garantizar su aprovechamiento de al menos 50 por ciento de las 8 mil 500 toneladas y convertirlos en composta, como principal meta.<br><\/p>\n\n\n\n<p>Como parte de los esfuerzos, la mandataria capitalina destac\u00f3 la inversi\u00f3n de 200 millones de pesos para la adquisici\u00f3n de camiones de limpia nuevos, esto como parte del compromiso de aportar una unidad de este tipo por cada una que sea adquirida por los gobiernos de las alcald\u00edas, donde se destinar\u00e1n, entre 2025 y 2026, alrededor de 500 millones de pesos para que los esfuerzos mencionados se conviertan en una realidad.<br><\/p>\n\n\n\n<p>La campa\u00f1a tiene como objetivo que la ciudadan\u00eda se prepare para el cambio que iniciar\u00e1 a partir del primero de enero, en donde comenzar\u00e1 el proceso de recolecci\u00f3n de residuos un d\u00eda determinado a la semana, de acuerdo a su tipo.<br><\/p>\n\n\n\n<p>Los d\u00edas lunes, mi\u00e9rcoles, viernes y domingo se llevar\u00e1 a cabo la recolecci\u00f3n de residuos reciclables, como son botellas, cart\u00f3n y aluminio, as\u00ed como los no reciclables, entre ellos los procedentes del ba\u00f1o y otros.<br><\/p>\n\n\n\n<p>En tanto, los d\u00edas martes, jueves y s\u00e1bado se llevar\u00e1 a cabo la recolecci\u00f3n de los desechos org\u00e1nicos, como son los restos de comida.<br><\/p>\n\n\n\n<p>Brugada Molina reiter\u00f3 el llamado a la ciudadan\u00eda, y destac\u00f3 la importante labor que van a llevar a cabo los trabajadores de limpia, quienes son aliados estrat\u00e9gicos para el \u00e9xito de esta importante tarea de separaci\u00f3n de residuos.<br><\/p>\n\n\n\n<p>Cabe se\u00f1alar que en la Ciudad de M\u00e9xico 56% de los residuos son org\u00e1nicos, 22% inorg\u00e1nicos que se reciclan, mientras que el 22% restante pertenece a inorg\u00e1nicos no reciclables.<br><\/p>\n\n\n\n<p>La titular del Ejecutivo local a\u00f1adi\u00f3 que se prev\u00e9, para 2026, la compra de dos plantas m\u00e1s para la zona sur-oriente de la Ciudad de M\u00e9xico, y, en 2027, otras dos m\u00e1s, lo que dar\u00e1 un total de cinco plantas, con lo que se evitar\u00e1 el gasto de recursos en la transportaci\u00f3n de residuos.<\/p>\n","protected":false},"excerpt":{"rendered":"<p>-A partir del 1 de enero de 2026 comenzar\u00e1 formalmente la recolecci\u00f3n de residuos s\u00f3lidos, que, dependiendo de su tipo, se les asign\u00f3 un d\u00eda determinado de la semana. La Jefa de Gobierno, Clara Brugada Molina, present\u00f3 la campa\u00f1a \u201cTransforma tu ciudad, cada residuo en su lugar\u201d, para el aprovechamiento de desperdicios con el objetivo [&hellip;]<\/p>\n","protected":false},"author":1,"featured_media":96889,"comment_status":"closed","ping_status":"closed","sticky":false,"template":"","format":"standard","meta":{"footnotes":""},"categories":[35,30],"tags":[],"class_list":["post-96886","post","type-post","status-publish","format-standard","has-post-thumbnail","hentry","category-cdmx","category-destacado"],"_links":{"self":[{"href":"https:\/\/elinformante.mx\/index.php?rest_route=\/wp\/v2\/posts\/96886","targetHints":{"allow":["GET"]}}],"collection":[{"href":"https:\/\/elinformante.mx\/index.php?rest_route=\/wp\/v2\/posts"}],"about":[{"href":"https:\/\/elinformante.mx\/index.php?rest_route=\/wp\/v2\/types\/post"}],"author":[{"embeddable":true,"href":"https:\/\/elinformante.mx\/index.php?rest_route=\/wp\/v2\/users\/1"}],"replies":[{"embeddable":true,"href":"https:\/\/elinformante.mx\/index.php?rest_route=%2Fwp%2Fv2%2Fcomments&post=96886"}],"version-history":[{"count":0,"href":"https:\/\/elinformante.mx\/index.php?rest_route=\/wp\/v2\/posts\/96886\/revisions"}],"wp:featuredmedia":[{"embeddable":true,"href":"https:\/\/elinformante.mx\/index.php?rest_route=\/wp\/v2\/media\/96889"}],"wp:attachment":[{"href":"https:\/\/elinformante.mx\/index.php?rest_route=%2Fwp%2Fv2%2Fmedia&parent=96886"}],"wp:term":[{"taxonomy":"category","embeddable":true,"href":"https:\/\/elinformante.mx\/index.php?rest_route=%2Fwp%2Fv2%2Fcategories&post=96886"},{"taxonomy":"post_tag","embeddable":true,"href":"https:\/\/elinformante.mx\/index.php?rest_route=%2Fwp%2Fv2%2Ftags&post=96886"}],"curies":[{"name":"wp","href":"https:\/\/api.w.org\/{rel}","templated":true}]}}