{"id":96890,"date":"2025-12-01T07:00:05","date_gmt":"2025-12-01T13:00:05","guid":{"rendered":"https:\/\/elinformante.mx\/?p=96890"},"modified":"2025-12-01T07:00:08","modified_gmt":"2025-12-01T13:00:08","slug":"mara-lezama-anuncia-nuevas-becas-educativas-para-impulsar-el-desarrollo-de-mujeres","status":"publish","type":"post","link":"https:\/\/elinformante.mx\/?p=96890","title":{"rendered":"Mara Lezama anuncia nuevas becas educativas para impulsar el desarrollo de mujeres"},"content":{"rendered":"\n<figure class=\"wp-block-pullquote\"><blockquote><p>-La convocatoria del programa Mujer es Aprender, impulsada por la gobernadora Mara Lezama, para acercar educaci\u00f3n a madres aut\u00f3nomas, jefas de familia y mujeres de comunidades mayas<\/p><\/blockquote><\/figure>\n\n\n\n<p class=\"has-drop-cap\">En un acto orientado a fortalecer la justicia social y ampliar las oportunidades educativas para las mujeres, la gobernadora Mara Lezama Espinosa anunci\u00f3 la entrega de 225 nuevas becas acad\u00e9micas del programa Mujer Es Aprender, iniciativa impulsada por la Secretar\u00eda de las Mujeres (Semujeres). Con este nuevo paquete, el n\u00famero total de apoyos otorgados durante el a\u00f1o asciende a 315 becas, al sumar las 90 previamente anunciadas.<br><\/p>\n\n\n\n<p>Acompa\u00f1ada de Esther Burgos Jim\u00e9nez, titular de Semujeres, la gobernadora destac\u00f3 que esta pol\u00edtica p\u00fablica responde a un compromiso central de este gobierno humanista con coraz\u00f3n feminista: llevar educaci\u00f3n a quienes m\u00e1s la necesitan, especialmente madres aut\u00f3nomas, jefas de familia y mujeres de comunidades mayas que no pudieron continuar sus estudios por motivos personales o econ\u00f3micos.<br><\/p>\n\n\n\n<p>El programa, respaldado por una alianza con 10 universidades p\u00fablicas y privadas, permitir\u00e1 que m\u00e1s mujeres accedan sin costo a una de las 38 licenciaturas e ingenier\u00edas disponibles en modalidades mixta, virtual, escolarizada o sabatina.<br><\/p>\n\n\n\n<p>\u201cCuando una mujer se educa, cambia su vida y la de quienes la rodean\u201d, subray\u00f3 Mara Lezama, al reiterar que este gobierno \u201chumanista y con coraz\u00f3n feminista\u201d apuesta por la formaci\u00f3n profesional como herramienta para cerrar brechas y abrir oportunidades.<br><\/p>\n\n\n\n<p>La secretaria Esther Burgos recalc\u00f3 que estas becas \u201cabren puertas para que las mujeres crezcan, trabajen, decidan y extiendan sus alas\u201d, y record\u00f3 que el registro estar\u00e1 disponible hasta el 12 de diciembre a trav\u00e9s de la plataforma oficial de Semujeres.<br><\/p>\n\n\n\n<p>La Gobernadora enfatiz\u00f3 que estas acciones se alinean con el impulso de la Presidenta Claudia Sheinbaum para colocar la igualdad sustantiva en el centro de las pol\u00edticas p\u00fablicas. \u201cCuando una mujer estudia, no hay l\u00edmites. Cada logro suyo nos acerca a un Quintana Roo m\u00e1s libre, pr\u00f3spero e igualitario\u201d, afirm\u00f3.<br><\/p>\n\n\n\n<p>Antes de concluir, Mara Lezama envi\u00f3 un mensaje directo a las potenciales beneficiarias: \u201cQue se escuche fuerte y claro: Es tiempo de mujeres. Es tiempo de que tu esfuerzo sea reconocido y tus sue\u00f1os avancen. Vamos juntas con ustedes, por ustedes y para ustedes\u201d.<\/p>\n","protected":false},"excerpt":{"rendered":"<p>-La convocatoria del programa Mujer es Aprender, impulsada por la gobernadora Mara Lezama, para acercar educaci\u00f3n a madres aut\u00f3nomas, jefas de familia y mujeres de comunidades mayas En un acto orientado a fortalecer la justicia social y ampliar las oportunidades educativas para las mujeres, la gobernadora Mara Lezama Espinosa anunci\u00f3 la entrega de 225 nuevas [&hellip;]<\/p>\n","protected":false},"author":1,"featured_media":96893,"comment_status":"closed","ping_status":"closed","sticky":false,"template":"","format":"standard","meta":{"footnotes":""},"categories":[30,34],"tags":[],"class_list":["post-96890","post","type-post","status-publish","format-standard","has-post-thumbnail","hentry","category-destacado","category-nacional"],"_links":{"self":[{"href":"https:\/\/elinformante.mx\/index.php?rest_route=\/wp\/v2\/posts\/96890","targetHints":{"allow":["GET"]}}],"collection":[{"href":"https:\/\/elinformante.mx\/index.php?rest_route=\/wp\/v2\/posts"}],"about":[{"href":"https:\/\/elinformante.mx\/index.php?rest_route=\/wp\/v2\/types\/post"}],"author":[{"embeddable":true,"href":"https:\/\/elinformante.mx\/index.php?rest_route=\/wp\/v2\/users\/1"}],"replies":[{"embeddable":true,"href":"https:\/\/elinformante.mx\/index.php?rest_route=%2Fwp%2Fv2%2Fcomments&post=96890"}],"version-history":[{"count":0,"href":"https:\/\/elinformante.mx\/index.php?rest_route=\/wp\/v2\/posts\/96890\/revisions"}],"wp:featuredmedia":[{"embeddable":true,"href":"https:\/\/elinformante.mx\/index.php?rest_route=\/wp\/v2\/media\/96893"}],"wp:attachment":[{"href":"https:\/\/elinformante.mx\/index.php?rest_route=%2Fwp%2Fv2%2Fmedia&parent=96890"}],"wp:term":[{"taxonomy":"category","embeddable":true,"href":"https:\/\/elinformante.mx\/index.php?rest_route=%2Fwp%2Fv2%2Fcategories&post=96890"},{"taxonomy":"post_tag","embeddable":true,"href":"https:\/\/elinformante.mx\/index.php?rest_route=%2Fwp%2Fv2%2Ftags&post=96890"}],"curies":[{"name":"wp","href":"https:\/\/api.w.org\/{rel}","templated":true}]}}