{"id":96894,"date":"2025-12-01T07:05:37","date_gmt":"2025-12-01T13:05:37","guid":{"rendered":"https:\/\/elinformante.mx\/?p=96894"},"modified":"2025-12-01T07:05:42","modified_gmt":"2025-12-01T13:05:42","slug":"coordinacion-con-fgr-mejorara-con-llegada-de-ernestina-godoy-garcia-harfuch","status":"publish","type":"post","link":"https:\/\/elinformante.mx\/?p=96894","title":{"rendered":"\u201cCoordinaci\u00f3n con FGR mejorar\u00e1 con llegada de Ernestina Godoy\u201d: Garc\u00eda Harfuch"},"content":{"rendered":"\n<figure class=\"wp-block-pullquote\"><blockquote><p>Tambi\u00e9n confirm\u00f3 que siempre mantuvo una buena comunicaci\u00f3n con Gertz Manero.<\/p><\/blockquote><\/figure>\n\n\n\n<p class=\"has-drop-cap\">Omar Garc\u00eda Harfuch, titular de la Secretar\u00eda de Seguridad y Protecci\u00f3n Ciudadana (SSPC), se\u00f1al\u00f3 que, con la llegada de Ernestina Godoy Rangel como encargada de despacho de la Fiscal\u00eda General de la Rep\u00fablica (FGR), sumado a los cambios realizados en puestos clave de dicha instituci\u00f3n, mejorar\u00e1 la coordinaci\u00f3n.<br><\/p>\n\n\n\n<p>Garc\u00eda Harfuch fue cuestionado sobre la renuncia de Alejandro Gertz Manero al frente de la FGR y de los recientes nombramientos en la Fiscal\u00eda Especializada en Materia de Delincuencia (FEMDO) y en la Agencia de Investigaci\u00f3n Criminal (AIC).<br><\/p>\n\n\n\n<p>\u201cMantuvimos con el doctor Alejandro Gertz Manero una muy buena coordinaci\u00f3n, como lo mencionamos aqu\u00ed en varias ocasiones; ahora con la llegada de la encargada de despacho, la licenciada Ernestina Godoy, tambi\u00e9n el cuarto eje de la estrategia nacional de seguridad, la coordinaci\u00f3n, pues lo que buscamos es eso, fortalecer la coordinaci\u00f3n. Ten\u00edamos una muy buena coordinaci\u00f3n; ahora con la reestructuraci\u00f3n que la licenciada Ernestina Godoy est\u00e1 comenzando, pues esperamos todav\u00eda una mejor coordinaci\u00f3n. Estamos convencidos de que as\u00ed va a ser\u201d.<br><\/p>\n\n\n\n<p>Garc\u00eda Harfuch fue cuestionado; si los personajes nombrados en la FEMDO y en la AIC contribuir\u00e1n a una mejor\u00eda en coordinaci\u00f3n, al tratarse de personas con las que \u00e9l y la fiscal ya han trabajado.<br><\/p>\n\n\n\n<p>Garc\u00eda Harfuch argument\u00f3 que siempre mantuvo una buena coordinaci\u00f3n con el exfiscal Gertz Manero, pero siempre est\u00e1n en busca de que se mejore la coordinaci\u00f3n con la instituci\u00f3n.<br><\/p>\n\n\n\n<p>\u201cLa licenciada Ernestina Godoy hab\u00eda trabajado con las personas que integr\u00f3 a su equipo, ya hab\u00eda trabajado, ya hab\u00edan sido parte de su equipo; en el caso del licenciado C\u00e9sar Oliveros Aparicio, titular de FEMDO, hab\u00eda trabajado, creo que cinco o seis a\u00f1os directamente con la licenciada Ernestina Godoy.<br><\/p>\n\n\n\n<p>\u201cEn el caso de H\u00e9ctor Elizalde Mora, nuevo titular de la AIC, tambi\u00e9n ya hab\u00eda trabajado algunos a\u00f1os, en coordinaci\u00f3n desde la Secretar\u00eda, entonces estamos tambi\u00e9n; estas personas ya han trabajado con los titulares de estas instituciones del Gabinete de Seguridad, entonces estamos seguros de que va a mejorar la coordinaci\u00f3n\u201d, apunt\u00f3.<\/p>\n","protected":false},"excerpt":{"rendered":"<p>Tambi\u00e9n confirm\u00f3 que siempre mantuvo una buena comunicaci\u00f3n con Gertz Manero. Omar Garc\u00eda Harfuch, titular de la Secretar\u00eda de Seguridad y Protecci\u00f3n Ciudadana (SSPC), se\u00f1al\u00f3 que, con la llegada de Ernestina Godoy Rangel como encargada de despacho de la Fiscal\u00eda General de la Rep\u00fablica (FGR), sumado a los cambios realizados en puestos clave de dicha [&hellip;]<\/p>\n","protected":false},"author":1,"featured_media":96898,"comment_status":"closed","ping_status":"closed","sticky":false,"template":"","format":"standard","meta":{"footnotes":""},"categories":[30,34],"tags":[],"class_list":["post-96894","post","type-post","status-publish","format-standard","has-post-thumbnail","hentry","category-destacado","category-nacional"],"_links":{"self":[{"href":"https:\/\/elinformante.mx\/index.php?rest_route=\/wp\/v2\/posts\/96894","targetHints":{"allow":["GET"]}}],"collection":[{"href":"https:\/\/elinformante.mx\/index.php?rest_route=\/wp\/v2\/posts"}],"about":[{"href":"https:\/\/elinformante.mx\/index.php?rest_route=\/wp\/v2\/types\/post"}],"author":[{"embeddable":true,"href":"https:\/\/elinformante.mx\/index.php?rest_route=\/wp\/v2\/users\/1"}],"replies":[{"embeddable":true,"href":"https:\/\/elinformante.mx\/index.php?rest_route=%2Fwp%2Fv2%2Fcomments&post=96894"}],"version-history":[{"count":0,"href":"https:\/\/elinformante.mx\/index.php?rest_route=\/wp\/v2\/posts\/96894\/revisions"}],"wp:featuredmedia":[{"embeddable":true,"href":"https:\/\/elinformante.mx\/index.php?rest_route=\/wp\/v2\/media\/96898"}],"wp:attachment":[{"href":"https:\/\/elinformante.mx\/index.php?rest_route=%2Fwp%2Fv2%2Fmedia&parent=96894"}],"wp:term":[{"taxonomy":"category","embeddable":true,"href":"https:\/\/elinformante.mx\/index.php?rest_route=%2Fwp%2Fv2%2Fcategories&post=96894"},{"taxonomy":"post_tag","embeddable":true,"href":"https:\/\/elinformante.mx\/index.php?rest_route=%2Fwp%2Fv2%2Ftags&post=96894"}],"curies":[{"name":"wp","href":"https:\/\/api.w.org\/{rel}","templated":true}]}}